{"id":35914,"date":"2021-10-08T11:28:33","date_gmt":"2021-10-08T09:28:33","guid":{"rendered":"https:\/\/elektrosystemy.pl\/?p=35914"},"modified":"2021-10-08T11:28:33","modified_gmt":"2021-10-08T09:28:33","slug":"nowy-termin-targow-energetics","status":"publish","type":"post","link":"https:\/\/elektrosystemy.pl\/?p=35914","title":{"rendered":"Nowy termin Targ\u00f3w Energetics"},"content":{"rendered":"<p><strong>Targi Energetyczne Energetics, kt\u00f3re mia\u0142y odby\u0107 si\u0119 w listopadzie br. w Lublinie, zosta\u0142y prze\u0142o\u017cone na przysz\u0142y rok. Nowy termin wydarzenia to 9-11 marca 2022 r. <\/strong><\/p>\n<p>Organizatorzy informuj\u0105, \u017ce dynamika czwartej fali pandemii COVID-19 na terenie Polski i poza jej granicami oraz troska o zapewnienie odpowiednich warunk\u00f3w do spotkania bran\u017cy energetycznej i zadbanie o najwy\u017csz\u0105 jako\u015b\u0107 wydarzenia, spowodowa\u0142y, \u017ce Targi Energetics nie mog\u0105 odby\u0107 si\u0119 w pierwotnie za\u0142o\u017conym terminie tj.\u00a016-18 listopada b.r.<br \/>\nW zwi\u0105zku z powy\u017cszym, Targi Energetyczne ENERGETICS zostaj\u0105 przeniesione na przysz\u0142y rok i odb\u0119d\u0105 si\u0119 wiosn\u0105, w dniach 9-11 marca 2022 r.<\/p>\n<p>Targi Energetyczne Energetics to jedno z najwa\u017cniejszych w Polsce spotka\u0144 przedstawicieli sektora energetycznego. Od ponad 10 lat wydarzenie koncentruje si\u0119 na zagadnieniach kluczowych z punktu widzenia bran\u017cy oraz gospodarki, stwarzaj\u0105c jednocze\u015bnie mo\u017cliwo\u015b\u0107 nawi\u0105zania kontakt\u00f3w z przedsi\u0119biorstwami z bran\u017cy energetycznej i\u00a0elektroenergetycznej, poznania nowo\u015bci rynkowych oraz podniesienia kwalifikacji zawodowych.<\/p>\n<p>Ekspozycja targowa obejmuje ofert\u0119 zar\u00f3wno firm o charakterze koncern\u00f3w (krajowych i\u00a0mi\u0119dzynarodowych), jak i indywidualnych przedsi\u0119biorc\u00f3w m.in. z obszaru: wytwarzania, przesy\u0142u i rozdzia\u0142u energii elektrycznej oraz cieplnej, elektrotechniki oraz elektroniki przemys\u0142owej, automatyki elektroenergetycznej, a tak\u017ce budownictwa energetycznego, urz\u0105dze\u0144 (pojazd\u00f3w) do transportu czy przemys\u0142owych system\u00f3w IT, inteligentnych sieci energetycznych, energii alternatywnej i odnawialnej czy elektromobilno\u015bci.<br \/>\nDope\u0142nieniem ekspozycji jest program konferencyjny przygotowany we wsp\u00f3\u0142pracy z partnerami bran\u017cowymi.<\/p>\n<p>Szczeg\u00f3\u0142y: <a href=\"energetics.targi.lublin.pl\">energetics.targi.lublin.pl<\/a><\/p>\n","protected":false},"excerpt":{"rendered":"<p>Targi Energetyczne Energetics, kt\u00f3re mia\u0142y odby\u0107 si\u0119 w listopadzie br. w Lublinie, zosta\u0142y prze\u0142o\u017cone na przysz\u0142y rok. Nowy termin wydarzenia to 9-11 marca 2022 r. Organizatorzy informuj\u0105, \u017ce dynamika czwartej fali pandemii COVID-19 na terenie Polski i poza jej granicami oraz troska o zapewnienie odpowiednich warunk\u00f3w do spotkania bran\u017cy energetycznej i zadbanie o najwy\u017csz\u0105 jako\u015b\u0107&hellip;<\/p>\n","protected":false},"author":3,"featured_media":35915,"comment_status":"closed","ping_status":"closed","sticky":false,"template":"","format":"standard","meta":[],"categories":[318,327,320],"tags":[334],"_links":{"self":[{"href":"https:\/\/elektrosystemy.pl\/index.php?rest_route=\/wp\/v2\/posts\/35914"}],"collection":[{"href":"https:\/\/elektrosystemy.pl\/index.php?rest_route=\/wp\/v2\/posts"}],"about":[{"href":"https:\/\/elektrosystemy.pl\/index.php?rest_route=\/wp\/v2\/types\/post"}],"author":[{"embeddable":true,"href":"https:\/\/elektrosystemy.pl\/index.php?rest_route=\/wp\/v2\/users\/3"}],"replies":[{"embeddable":true,"href":"https:\/\/elektrosystemy.pl\/index.php?rest_route=%2Fwp%2Fv2%2Fcomments&post=35914"}],"version-history":[{"count":1,"href":"https:\/\/elektrosystemy.pl\/index.php?rest_route=\/wp\/v2\/posts\/35914\/revisions"}],"predecessor-version":[{"id":35916,"href":"https:\/\/elektrosystemy.pl\/index.php?rest_route=\/wp\/v2\/posts\/35914\/revisions\/35916"}],"wp:featuredmedia":[{"embeddable":true,"href":"https:\/\/elektrosystemy.pl\/index.php?rest_route=\/wp\/v2\/media\/35915"}],"wp:attachment":[{"href":"https:\/\/elektrosystemy.pl\/index.php?rest_route=%2Fwp%2Fv2%2Fmedia&parent=35914"}],"wp:term":[{"taxonomy":"category","embeddable":true,"href":"https:\/\/elektrosystemy.pl\/index.php?rest_route=%2Fwp%2Fv2%2Fcategories&post=35914"},{"taxonomy":"post_tag","embeddable":true,"href":"https:\/\/elektrosystemy.pl\/index.php?rest_route=%2Fwp%2Fv2%2Ftags&post=35914"}],"curies":[{"name":"wp","href":"https:\/\/api.w.org\/{rel}","templated":true}]}}