{"id":35931,"date":"2021-10-08T14:56:05","date_gmt":"2021-10-08T12:56:05","guid":{"rendered":"https:\/\/elektrosystemy.pl\/?p=35931"},"modified":"2021-10-08T15:05:35","modified_gmt":"2021-10-08T13:05:35","slug":"gala-jubileuszu-30-lecia-firmy-grodno-sa","status":"publish","type":"post","link":"https:\/\/elektrosystemy.pl\/?p=35931","title":{"rendered":"Gala jubileuszu 30-lecia firmy Grodno SA"},"content":{"rendered":"<p><strong>2 pa\u017adziernika 2021 roku w hotelu Double Tree by Hilton w Warszawie odby\u0142a si\u0119 Gala 30-lecia firmy Grodno SA. Podczas cz\u0119\u015bci oficjalnej prezes Andrzej Jurczak podsumowa\u0142 30 lat dzia\u0142alno\u015bci firmy, a tak\u017ce przedstawi\u0142 dalsze kierunki rozwoju oraz wizje na nast\u0119pne lata. Gal\u0119 poprowadzi\u0142 Marek Sierocki.<\/strong><\/p>\n<p>Otwieraj\u0105cy uroczysto\u015b\u0107 prezes zarz\u0105du Andrzej Jurczak pokaza\u0142 filary i podstawowe warto\u015bci, na kt\u00f3rych od lat opiera si\u0119 sp\u00f3\u0142ka, a tak\u017ce zaprezentowa\u0142 kierunki rozwoju firmy w przysz\u0142o\u015bci. Wyst\u0105pienia pracownik\u00f3w zaanga\u017cowanych w akcje sportowe Grodna uwypukli\u0142y ten istotny aspekt funkcjonowania przedsi\u0119biorstwa.<\/p>\n<p><a href=\"https:\/\/elektrosystemy.pl\/wp-content\/uploads\/uncategorized\/2021\/10\/08\/gala-jubileuszu-30-lecia-firmy-grodno-sa\/GRODNO_30Lecie_2_10_2021.jpg\"><img loading=\"lazy\" class=\"alignnone wp-image-35935 size-full\" src=\"https:\/\/elektrosystemy.pl\/wp-content\/uploads\/uncategorized\/2021\/10\/08\/gala-jubileuszu-30-lecia-firmy-grodno-sa\/GRODNO_30Lecie_2_10_2021.jpg\" alt=\"Prezes Grodno SA Andrzej Jurczak\" width=\"1200\" height=\"800\" srcset=\"https:\/\/elektrosystemy.pl\/wp-content\/uploads\/uncategorized\/2021\/10\/08\/gala-jubileuszu-30-lecia-firmy-grodno-sa\/GRODNO_30Lecie_2_10_2021.jpg 1200w, https:\/\/elektrosystemy.pl\/wp-content\/uploads\/uncategorized\/2021\/10\/08\/gala-jubileuszu-30-lecia-firmy-grodno-sa\/GRODNO_30Lecie_2_10_2021-300x200.jpg 300w, https:\/\/elektrosystemy.pl\/wp-content\/uploads\/uncategorized\/2021\/10\/08\/gala-jubileuszu-30-lecia-firmy-grodno-sa\/GRODNO_30Lecie_2_10_2021-1024x683.jpg 1024w, https:\/\/elektrosystemy.pl\/wp-content\/uploads\/uncategorized\/2021\/10\/08\/gala-jubileuszu-30-lecia-firmy-grodno-sa\/GRODNO_30Lecie_2_10_2021-768x512.jpg 768w, https:\/\/elektrosystemy.pl\/wp-content\/uploads\/uncategorized\/2021\/10\/08\/gala-jubileuszu-30-lecia-firmy-grodno-sa\/GRODNO_30Lecie_2_10_2021-600x400.jpg 600w\" sizes=\"(max-width: 1200px) 100vw, 1200px\" \/><\/a><\/p>\n<p>Podczas wydarze\u0144 Grodno zbiera\u0142o \u015brodki na cele charytatywne, w tym na wsparcie Fundacji Marka Kami\u0144skiego oraz jego programu LifePlan Academy. Opr\u00f3cz Marka Kami\u0144skiego, na scenie wyst\u0105pi\u0142a Golec uOrkiestra oraz Jacek Stachursky.<\/p>\n<p><a href=\"https:\/\/elektrosystemy.pl\/wp-content\/uploads\/uncategorized\/2021\/10\/08\/gala-jubileuszu-30-lecia-firmy-grodno-sa\/GRODNO_30Lecie_3_10_2021.jpg\"><img loading=\"lazy\" class=\"alignnone wp-image-35936 size-full\" src=\"https:\/\/elektrosystemy.pl\/wp-content\/uploads\/uncategorized\/2021\/10\/08\/gala-jubileuszu-30-lecia-firmy-grodno-sa\/GRODNO_30Lecie_3_10_2021.jpg\" alt=\"Na scenie pracownicy zaanga\u017cowani w akcje sportowe Grodna\" width=\"1200\" height=\"729\" srcset=\"https:\/\/elektrosystemy.pl\/wp-content\/uploads\/uncategorized\/2021\/10\/08\/gala-jubileuszu-30-lecia-firmy-grodno-sa\/GRODNO_30Lecie_3_10_2021.jpg 1200w, https:\/\/elektrosystemy.pl\/wp-content\/uploads\/uncategorized\/2021\/10\/08\/gala-jubileuszu-30-lecia-firmy-grodno-sa\/GRODNO_30Lecie_3_10_2021-300x182.jpg 300w, https:\/\/elektrosystemy.pl\/wp-content\/uploads\/uncategorized\/2021\/10\/08\/gala-jubileuszu-30-lecia-firmy-grodno-sa\/GRODNO_30Lecie_3_10_2021-1024x622.jpg 1024w, https:\/\/elektrosystemy.pl\/wp-content\/uploads\/uncategorized\/2021\/10\/08\/gala-jubileuszu-30-lecia-firmy-grodno-sa\/GRODNO_30Lecie_3_10_2021-768x467.jpg 768w, https:\/\/elektrosystemy.pl\/wp-content\/uploads\/uncategorized\/2021\/10\/08\/gala-jubileuszu-30-lecia-firmy-grodno-sa\/GRODNO_30Lecie_3_10_2021-600x365.jpg 600w\" sizes=\"(max-width: 1200px) 100vw, 1200px\" \/><\/a><\/p>\n<p><a href=\"https:\/\/elektrosystemy.pl\/wp-content\/uploads\/uncategorized\/2021\/10\/08\/gala-jubileuszu-30-lecia-firmy-grodno-sa\/GRODNO_30Lecie_4_10_2021.jpg\"><img loading=\"lazy\" class=\"alignnone wp-image-35937 size-full\" src=\"https:\/\/elektrosystemy.pl\/wp-content\/uploads\/uncategorized\/2021\/10\/08\/gala-jubileuszu-30-lecia-firmy-grodno-sa\/GRODNO_30Lecie_4_10_2021.jpg\" alt=\"Marek Kami\u0144ski\" width=\"1200\" height=\"800\" srcset=\"https:\/\/elektrosystemy.pl\/wp-content\/uploads\/uncategorized\/2021\/10\/08\/gala-jubileuszu-30-lecia-firmy-grodno-sa\/GRODNO_30Lecie_4_10_2021.jpg 1200w, https:\/\/elektrosystemy.pl\/wp-content\/uploads\/uncategorized\/2021\/10\/08\/gala-jubileuszu-30-lecia-firmy-grodno-sa\/GRODNO_30Lecie_4_10_2021-300x200.jpg 300w, https:\/\/elektrosystemy.pl\/wp-content\/uploads\/uncategorized\/2021\/10\/08\/gala-jubileuszu-30-lecia-firmy-grodno-sa\/GRODNO_30Lecie_4_10_2021-1024x683.jpg 1024w, https:\/\/elektrosystemy.pl\/wp-content\/uploads\/uncategorized\/2021\/10\/08\/gala-jubileuszu-30-lecia-firmy-grodno-sa\/GRODNO_30Lecie_4_10_2021-768x512.jpg 768w, https:\/\/elektrosystemy.pl\/wp-content\/uploads\/uncategorized\/2021\/10\/08\/gala-jubileuszu-30-lecia-firmy-grodno-sa\/GRODNO_30Lecie_4_10_2021-600x400.jpg 600w\" sizes=\"(max-width: 1200px) 100vw, 1200px\" \/><\/a><\/p>\n<p><strong>Grupa Grodno w liczbach<\/strong><\/p>\n<p>Podczas uroczysto\u015bci prezes Andrzej Jurczak zaprezentowa\u0142 dane dotycz\u0105ce aktualnej kondycji sp\u00f3\u0142ki. Firma zatrudnia ponad 700 pracownik\u00f3w. Grodno ma za sob\u0105 rekordowy rok 2020\/21, zamkni\u0119ty przychodami ponad 700 mln z\u0142 i historycznym zyskiem blisko 14 mln z\u0142. Obecnie ro\u015bnie najszybciej w historii swojej dzia\u0142alno\u015bci &#8211; szacunki wskazuj\u0105 na wzrost o 61% w pierwszym p\u00f3\u0142roczu bie\u017c\u0105cego roku obrotowego, z ponad 100 mln z\u0142 miesi\u0119cznych obrot\u00f3w. Za okres kwiecie\u0144-sierpie\u0144 sp\u00f3\u0142ka odnotowa\u0142a wzrost 65% rdr, podczas gdy rynek odnotowa\u0142 wzrost o 44% rdr. W sierpniu natomiast Grodno wzros\u0142o o 85% rdr, a rynek o 51% rdr.<\/p>\n<p><a href=\"https:\/\/elektrosystemy.pl\/wp-content\/uploads\/uncategorized\/2021\/10\/08\/gala-jubileuszu-30-lecia-firmy-grodno-sa\/GRODNO_30Lecie_5_10_2021.jpg\"><img loading=\"lazy\" class=\"alignnone wp-image-35938 size-full\" src=\"https:\/\/elektrosystemy.pl\/wp-content\/uploads\/uncategorized\/2021\/10\/08\/gala-jubileuszu-30-lecia-firmy-grodno-sa\/GRODNO_30Lecie_5_10_2021.jpg\" alt=\"Wyr\u00f3\u017cnieni podczas Gali pracownicy firmy\" width=\"1200\" height=\"803\" srcset=\"https:\/\/elektrosystemy.pl\/wp-content\/uploads\/uncategorized\/2021\/10\/08\/gala-jubileuszu-30-lecia-firmy-grodno-sa\/GRODNO_30Lecie_5_10_2021.jpg 1200w, https:\/\/elektrosystemy.pl\/wp-content\/uploads\/uncategorized\/2021\/10\/08\/gala-jubileuszu-30-lecia-firmy-grodno-sa\/GRODNO_30Lecie_5_10_2021-300x201.jpg 300w, https:\/\/elektrosystemy.pl\/wp-content\/uploads\/uncategorized\/2021\/10\/08\/gala-jubileuszu-30-lecia-firmy-grodno-sa\/GRODNO_30Lecie_5_10_2021-1024x685.jpg 1024w, https:\/\/elektrosystemy.pl\/wp-content\/uploads\/uncategorized\/2021\/10\/08\/gala-jubileuszu-30-lecia-firmy-grodno-sa\/GRODNO_30Lecie_5_10_2021-768x514.jpg 768w, https:\/\/elektrosystemy.pl\/wp-content\/uploads\/uncategorized\/2021\/10\/08\/gala-jubileuszu-30-lecia-firmy-grodno-sa\/GRODNO_30Lecie_5_10_2021-600x402.jpg 600w\" sizes=\"(max-width: 1200px) 100vw, 1200px\" \/><\/a><\/p>\n<p><a href=\"https:\/\/elektrosystemy.pl\/wp-content\/uploads\/uncategorized\/2021\/10\/08\/gala-jubileuszu-30-lecia-firmy-grodno-sa\/GRODNO_30Lecie_9_10_2021.jpg\"><img loading=\"lazy\" class=\"alignnone wp-image-35942 size-full\" src=\"https:\/\/elektrosystemy.pl\/wp-content\/uploads\/uncategorized\/2021\/10\/08\/gala-jubileuszu-30-lecia-firmy-grodno-sa\/GRODNO_30Lecie_9_10_2021.jpg\" alt=\"Prezes Andrzej Jurczak wskazuje, \u017ce Grodno zaanga\u017cowane jest w wiele akcji o charakterze sportowym\" width=\"1200\" height=\"800\" srcset=\"https:\/\/elektrosystemy.pl\/wp-content\/uploads\/uncategorized\/2021\/10\/08\/gala-jubileuszu-30-lecia-firmy-grodno-sa\/GRODNO_30Lecie_9_10_2021.jpg 1200w, https:\/\/elektrosystemy.pl\/wp-content\/uploads\/uncategorized\/2021\/10\/08\/gala-jubileuszu-30-lecia-firmy-grodno-sa\/GRODNO_30Lecie_9_10_2021-300x200.jpg 300w, https:\/\/elektrosystemy.pl\/wp-content\/uploads\/uncategorized\/2021\/10\/08\/gala-jubileuszu-30-lecia-firmy-grodno-sa\/GRODNO_30Lecie_9_10_2021-1024x683.jpg 1024w, https:\/\/elektrosystemy.pl\/wp-content\/uploads\/uncategorized\/2021\/10\/08\/gala-jubileuszu-30-lecia-firmy-grodno-sa\/GRODNO_30Lecie_9_10_2021-768x512.jpg 768w, https:\/\/elektrosystemy.pl\/wp-content\/uploads\/uncategorized\/2021\/10\/08\/gala-jubileuszu-30-lecia-firmy-grodno-sa\/GRODNO_30Lecie_9_10_2021-600x400.jpg 600w\" sizes=\"(max-width: 1200px) 100vw, 1200px\" \/><\/a><\/p>\n<p><strong>Akcje firmowe, charytatywne i sponsoring<\/strong><\/p>\n<p>Grodno bardzo mocno rozwija wewn\u0119trzne wspieranie pasji pracownik\u00f3w poprzez r\u00f3\u017cnorodne akcje sportowe o charakterze charytatywnym. W ostatnim czasie mia\u0142y miejsce cztery du\u017ce wydarzenia sportowe, w kt\u00f3rych poza pracownikami uczestniczyli r\u00f3wnie\u017c liczni partnerzy i klienci:<\/p>\n<ul>\n<li>Ultra Rajd 2020 Rowerem Dooko\u0142a Polski<\/li>\n<li>Rajd Wis\u0142a 2020 &#8211; 30 Maraton\u00f3w Wzd\u0142u\u017c Wis\u0142y<\/li>\n<li>Rejs Wis\u0142\u0105 2021 ku pami\u0119ci Aleksandra Doby<\/li>\n<li>Rajd Ba\u0142tyk 2021 \u015awiat\u0142o Nadziei.<\/li>\n<\/ul>\n<p><a href=\"https:\/\/elektrosystemy.pl\/wp-content\/uploads\/uncategorized\/2021\/10\/08\/gala-jubileuszu-30-lecia-firmy-grodno-sa\/GRODNO_30Lecie_6_10_2021.jpg\"><img loading=\"lazy\" class=\"alignnone wp-image-35939 size-full\" src=\"https:\/\/elektrosystemy.pl\/wp-content\/uploads\/uncategorized\/2021\/10\/08\/gala-jubileuszu-30-lecia-firmy-grodno-sa\/GRODNO_30Lecie_6_10_2021.jpg\" alt=\"W Gali uczestniczy\u0142o ponad 700 os\u00f3b\" width=\"1200\" height=\"801\" srcset=\"https:\/\/elektrosystemy.pl\/wp-content\/uploads\/uncategorized\/2021\/10\/08\/gala-jubileuszu-30-lecia-firmy-grodno-sa\/GRODNO_30Lecie_6_10_2021.jpg 1200w, https:\/\/elektrosystemy.pl\/wp-content\/uploads\/uncategorized\/2021\/10\/08\/gala-jubileuszu-30-lecia-firmy-grodno-sa\/GRODNO_30Lecie_6_10_2021-300x200.jpg 300w, https:\/\/elektrosystemy.pl\/wp-content\/uploads\/uncategorized\/2021\/10\/08\/gala-jubileuszu-30-lecia-firmy-grodno-sa\/GRODNO_30Lecie_6_10_2021-1024x684.jpg 1024w, https:\/\/elektrosystemy.pl\/wp-content\/uploads\/uncategorized\/2021\/10\/08\/gala-jubileuszu-30-lecia-firmy-grodno-sa\/GRODNO_30Lecie_6_10_2021-768x513.jpg 768w, https:\/\/elektrosystemy.pl\/wp-content\/uploads\/uncategorized\/2021\/10\/08\/gala-jubileuszu-30-lecia-firmy-grodno-sa\/GRODNO_30Lecie_6_10_2021-600x401.jpg 600w\" sizes=\"(max-width: 1200px) 100vw, 1200px\" \/><\/a><\/p>\n<p><strong>Historia<\/strong><\/p>\n<p>Pierwszy oddzia\u0142 firmy powsta\u0142 w 1990 roku na ulicy Dobrej w Warszawie. Cztery lata p\u00f3\u017aniej otwarty zostaje magazyn centralny w Micha\u0142owie-Grabinie, kt\u00f3ry 10 lat p\u00f3\u017aniej zostaje przeniesiony do podwarszawskiego Ma\u0142opola i do tej pory zosta\u0142 ju\u017c dwukrotnie rozbudowany. W 2006 roku otwarto pierwszy oddzia\u0142 poza Warszaw\u0105 w Katowicach. W 2011 roku firma Grodno zosta\u0142a wprowadzona na Gie\u0142d\u0119 Papier\u00f3w Warto\u015bciowych.<\/p>\n<p>Od lat kluczowym elementem strategii sp\u00f3\u0142ki by\u0142y konsolidacje. Najwi\u0119ksze z nich mia\u0142y miejsce w 2017 i 2019 roku, kiedy to przej\u0119te zosta\u0142y firmy Bargo i Magma. Od 2010 roku Grodno SA pr\u0119\u017cnie dzia\u0142a na rynku Odnawialnych \u0179r\u00f3de\u0142 Energii.<\/p>\n<p>Obecnie hurtownie Grupy Grodno znajduj\u0105 w ca\u0142ej Polsce (95 oddzia\u0142\u00f3w), w tym punkty franczyzowe (13 oddzia\u0142\u00f3w), hurtownie Bargo (8 oddzia\u0142\u00f3w) i Magma (6 oddzia\u0142\u00f3w). Opr\u00f3cz punkt\u00f3w stacjonarnych, firma rozwija si\u0119 w \u015bwiecie cyfrowym. Dzia\u0142 e-commerce obs\u0142uguje sklepy internetowe elektromag.pl i iluve.com oraz platformy B2B. Oferta Grodno jest dost\u0119pna na platformach sprzeda\u017cowych, takich jak Allegro i Amazon.<\/p>\n<p><a href=\"https:\/\/elektrosystemy.pl\/wp-content\/uploads\/uncategorized\/2021\/10\/08\/gala-jubileuszu-30-lecia-firmy-grodno-sa\/GRODNO_30Lecie_7_10_2021.jpg\"><img loading=\"lazy\" class=\"alignnone wp-image-35940 size-full\" src=\"https:\/\/elektrosystemy.pl\/wp-content\/uploads\/uncategorized\/2021\/10\/08\/gala-jubileuszu-30-lecia-firmy-grodno-sa\/GRODNO_30Lecie_7_10_2021.jpg\" alt=\"Na scenie Golec uOrkiestra\" width=\"1200\" height=\"752\" srcset=\"https:\/\/elektrosystemy.pl\/wp-content\/uploads\/uncategorized\/2021\/10\/08\/gala-jubileuszu-30-lecia-firmy-grodno-sa\/GRODNO_30Lecie_7_10_2021.jpg 1200w, https:\/\/elektrosystemy.pl\/wp-content\/uploads\/uncategorized\/2021\/10\/08\/gala-jubileuszu-30-lecia-firmy-grodno-sa\/GRODNO_30Lecie_7_10_2021-300x188.jpg 300w, https:\/\/elektrosystemy.pl\/wp-content\/uploads\/uncategorized\/2021\/10\/08\/gala-jubileuszu-30-lecia-firmy-grodno-sa\/GRODNO_30Lecie_7_10_2021-1024x642.jpg 1024w, https:\/\/elektrosystemy.pl\/wp-content\/uploads\/uncategorized\/2021\/10\/08\/gala-jubileuszu-30-lecia-firmy-grodno-sa\/GRODNO_30Lecie_7_10_2021-768x481.jpg 768w, https:\/\/elektrosystemy.pl\/wp-content\/uploads\/uncategorized\/2021\/10\/08\/gala-jubileuszu-30-lecia-firmy-grodno-sa\/GRODNO_30Lecie_7_10_2021-600x376.jpg 600w\" sizes=\"(max-width: 1200px) 100vw, 1200px\" \/><\/a><\/p>\n<p><strong>Zr\u00f3wnowa\u017cony rozw\u00f3j i spo\u0142eczna odpowiedzialno\u015b\u0107 biznesu<\/strong><\/p>\n<p>Grodno SA redukuje \u015blad w\u0119glowy poprzez ledyfikacj\u0119, instalacje PV, automatyk\u0119 budynkow\u0105, edukacj\u0119 ekologiczn\u0105 \u2013 OZE. Dzia\u0142a na rzecz lokalnych spo\u0142eczno\u015bci oraz wspiera liczne fundacje.<\/p>\n<p>Firma od lat przekazuje przynajmniej 1% dochodu na pomoc potrzebuj\u0105cym, akcje sportowe, spo\u0142eczno\u015bci lokalne, kultur\u0119 i sztuk\u0119. W roku 2021 na liczne akcje charytatywne Grodno przeka\u017ce oko\u0142o 3% dochodu.<\/p>\n<p><a href=\"https:\/\/elektrosystemy.pl\/wp-content\/uploads\/uncategorized\/2021\/10\/08\/gala-jubileuszu-30-lecia-firmy-grodno-sa\/GRODNO_30Lecie_8_10_2021.jpg\"><img loading=\"lazy\" class=\"alignnone wp-image-35941 size-full\" src=\"https:\/\/elektrosystemy.pl\/wp-content\/uploads\/uncategorized\/2021\/10\/08\/gala-jubileuszu-30-lecia-firmy-grodno-sa\/GRODNO_30Lecie_8_10_2021.jpg\" alt=\"Podczas wydarzenia wyst\u0105pi\u0142 tak\u017ce Jacek Stachursky\" width=\"1200\" height=\"757\" srcset=\"https:\/\/elektrosystemy.pl\/wp-content\/uploads\/uncategorized\/2021\/10\/08\/gala-jubileuszu-30-lecia-firmy-grodno-sa\/GRODNO_30Lecie_8_10_2021.jpg 1200w, https:\/\/elektrosystemy.pl\/wp-content\/uploads\/uncategorized\/2021\/10\/08\/gala-jubileuszu-30-lecia-firmy-grodno-sa\/GRODNO_30Lecie_8_10_2021-300x189.jpg 300w, https:\/\/elektrosystemy.pl\/wp-content\/uploads\/uncategorized\/2021\/10\/08\/gala-jubileuszu-30-lecia-firmy-grodno-sa\/GRODNO_30Lecie_8_10_2021-1024x646.jpg 1024w, https:\/\/elektrosystemy.pl\/wp-content\/uploads\/uncategorized\/2021\/10\/08\/gala-jubileuszu-30-lecia-firmy-grodno-sa\/GRODNO_30Lecie_8_10_2021-768x484.jpg 768w, https:\/\/elektrosystemy.pl\/wp-content\/uploads\/uncategorized\/2021\/10\/08\/gala-jubileuszu-30-lecia-firmy-grodno-sa\/GRODNO_30Lecie_8_10_2021-600x379.jpg 600w\" sizes=\"(max-width: 1200px) 100vw, 1200px\" \/><\/a><\/p>\n<p><strong>Partnerzy Gali<\/strong><\/p>\n<p>AKS Zielonka, An-Kom, Baks, Bemko, Bitner, Bosch, Eaton, Elektro-Plast, Elgotech, Elko-Bis, Elpar, EPN Nasielsk, Erko, ETI, F&amp;F Filipowski, Greenlux, Hager, Kontakt-Simon, Kopos Elektro, Lange \u0141ukaszuk, Ledvance, Legrand, Lena Lighting, LUG, NKT, Nowodvorski Lighting, OBO Bettermann Group, Ospel, PCE Polska, PXF Lighting, Qsystems, Scame, Schneider Electric,Signify, Simet, Spamel, TK Lighting, Topex, Weidm\u00fcller, Zamel, Zumaline.<\/p>\n<p><a href=\"https:\/\/elektrosystemy.pl\/wp-content\/uploads\/uncategorized\/2021\/10\/08\/gala-jubileuszu-30-lecia-firmy-grodno-sa\/GRODNO_30Lecie_1duzy_10_2021.jpg\"><img loading=\"lazy\" class=\"alignnone wp-image-35934 size-full\" src=\"https:\/\/elektrosystemy.pl\/wp-content\/uploads\/uncategorized\/2021\/10\/08\/gala-jubileuszu-30-lecia-firmy-grodno-sa\/GRODNO_30Lecie_1duzy_10_2021.jpg\" alt=\"\" width=\"0\" height=\"0\" srcset=\"https:\/\/elektrosystemy.pl\/wp-content\/uploads\/uncategorized\/2021\/10\/08\/gala-jubileuszu-30-lecia-firmy-grodno-sa\/GRODNO_30Lecie_1duzy_10_2021.jpg 1200w, https:\/\/elektrosystemy.pl\/wp-content\/uploads\/uncategorized\/2021\/10\/08\/gala-jubileuszu-30-lecia-firmy-grodno-sa\/GRODNO_30Lecie_1duzy_10_2021-300x200.jpg 300w, https:\/\/elektrosystemy.pl\/wp-content\/uploads\/uncategorized\/2021\/10\/08\/gala-jubileuszu-30-lecia-firmy-grodno-sa\/GRODNO_30Lecie_1duzy_10_2021-1024x683.jpg 1024w, https:\/\/elektrosystemy.pl\/wp-content\/uploads\/uncategorized\/2021\/10\/08\/gala-jubileuszu-30-lecia-firmy-grodno-sa\/GRODNO_30Lecie_1duzy_10_2021-768x512.jpg 768w, https:\/\/elektrosystemy.pl\/wp-content\/uploads\/uncategorized\/2021\/10\/08\/gala-jubileuszu-30-lecia-firmy-grodno-sa\/GRODNO_30Lecie_1duzy_10_2021-600x400.jpg 600w\" sizes=\"(max-width: 1200px) 100vw, 1200px\" \/><\/a><\/p>\n","protected":false},"excerpt":{"rendered":"<p>2 pa\u017adziernika 2021 roku w hotelu Double Tree by Hilton w Warszawie odby\u0142a si\u0119 Gala 30-lecia firmy Grodno SA. Podczas cz\u0119\u015bci oficjalnej prezes Andrzej Jurczak podsumowa\u0142 30 lat dzia\u0142alno\u015bci firmy, a tak\u017ce przedstawi\u0142 dalsze kierunki rozwoju oraz wizje na nast\u0119pne lata. Gal\u0119 poprowadzi\u0142 Marek Sierocki. Otwieraj\u0105cy uroczysto\u015b\u0107 prezes zarz\u0105du Andrzej Jurczak pokaza\u0142 filary i podstawowe&hellip;<\/p>\n","protected":false},"author":3,"featured_media":35933,"comment_status":"closed","ping_status":"closed","sticky":false,"template":"","format":"standard","meta":[],"categories":[318,619,320],"tags":[636],"_links":{"self":[{"href":"https:\/\/elektrosystemy.pl\/index.php?rest_route=\/wp\/v2\/posts\/35931"}],"collection":[{"href":"https:\/\/elektrosystemy.pl\/index.php?rest_route=\/wp\/v2\/posts"}],"about":[{"href":"https:\/\/elektrosystemy.pl\/index.php?rest_route=\/wp\/v2\/types\/post"}],"author":[{"embeddable":true,"href":"https:\/\/elektrosystemy.pl\/index.php?rest_route=\/wp\/v2\/users\/3"}],"replies":[{"embeddable":true,"href":"https:\/\/elektrosystemy.pl\/index.php?rest_route=%2Fwp%2Fv2%2Fcomments&post=35931"}],"version-history":[{"count":6,"href":"https:\/\/elektrosystemy.pl\/index.php?rest_route=\/wp\/v2\/posts\/35931\/revisions"}],"predecessor-version":[{"id":35947,"href":"https:\/\/elektrosystemy.pl\/index.php?rest_route=\/wp\/v2\/posts\/35931\/revisions\/35947"}],"wp:featuredmedia":[{"embeddable":true,"href":"https:\/\/elektrosystemy.pl\/index.php?rest_route=\/wp\/v2\/media\/35933"}],"wp:attachment":[{"href":"https:\/\/elektrosystemy.pl\/index.php?rest_route=%2Fwp%2Fv2%2Fmedia&parent=35931"}],"wp:term":[{"taxonomy":"category","embeddable":true,"href":"https:\/\/elektrosystemy.pl\/index.php?rest_route=%2Fwp%2Fv2%2Fcategories&post=35931"},{"taxonomy":"post_tag","embeddable":true,"href":"https:\/\/elektrosystemy.pl\/index.php?rest_route=%2Fwp%2Fv2%2Ftags&post=35931"}],"curies":[{"name":"wp","href":"https:\/\/api.w.org\/{rel}","templated":true}]}}