{"id":35991,"date":"2021-10-14T06:51:12","date_gmt":"2021-10-14T04:51:12","guid":{"rendered":"https:\/\/elektrosystemy.pl\/?p=35991"},"modified":"2021-10-13T21:53:16","modified_gmt":"2021-10-13T19:53:16","slug":"relpol-nagroda-gospodarcza-marszalka-wojewodztwa-lubuskiego","status":"publish","type":"post","link":"https:\/\/elektrosystemy.pl\/?p=35991","title":{"rendered":"Relpol: Nagroda Gospodarcza Marsza\u0142ka Wojew\u00f3dztwa Lubuskiego"},"content":{"rendered":"<p><strong>Podczas Lubuskiego Kongresu Gospodarczego 2021 firma Relpol otrzyma\u0142a Nagrod\u0119 Gospodarcz\u0105 Marsza\u0142ka Wojew\u00f3dztwa Lubuskiego 2021. <\/strong><\/p>\n<p>Nagrod\u0119 przyznano za produkcj\u0119 przeka\u017anik\u00f3w bistabilnych o podwy\u017cszonej niezawodno\u015bci, a zw\u0142aszcza za przemiany proces\u00f3w technologicznych, kt\u00f3re pozwalaj\u0105 na wyeliminowanie z produkcji chlorometanu, odzysku wody na linii niklowo-cynowej oraz zmniejszenia \u015brodk\u00f3w chemicznych podczas produkcji wyrob\u00f3w elektrotechnicznych i elektronicznych.<br \/>\nGospodarzami wydarzenia byli marsza\u0142ek El\u017cbieta Anna Polak i przewodnicz\u0105cy sejmiku Wac\u0142aw Maciuszonek.<\/p>\n<p><img loading=\"lazy\" class=\"alignnone size-full wp-image-35993\" src=\"https:\/\/elektrosystemy.pl\/wp-content\/uploads\/uncategorized\/2021\/10\/13\/relpol-nagroda-gospodarcza-marszalka-wojewodztwa-lubuskiego\/Relpol_nagroda_2_10_2021_asdkl32.jpg\" alt=\"\" width=\"800\" height=\"533\" srcset=\"https:\/\/elektrosystemy.pl\/wp-content\/uploads\/uncategorized\/2021\/10\/13\/relpol-nagroda-gospodarcza-marszalka-wojewodztwa-lubuskiego\/Relpol_nagroda_2_10_2021_asdkl32.jpg 800w, https:\/\/elektrosystemy.pl\/wp-content\/uploads\/uncategorized\/2021\/10\/13\/relpol-nagroda-gospodarcza-marszalka-wojewodztwa-lubuskiego\/Relpol_nagroda_2_10_2021_asdkl32-300x200.jpg 300w, https:\/\/elektrosystemy.pl\/wp-content\/uploads\/uncategorized\/2021\/10\/13\/relpol-nagroda-gospodarcza-marszalka-wojewodztwa-lubuskiego\/Relpol_nagroda_2_10_2021_asdkl32-768x512.jpg 768w, https:\/\/elektrosystemy.pl\/wp-content\/uploads\/uncategorized\/2021\/10\/13\/relpol-nagroda-gospodarcza-marszalka-wojewodztwa-lubuskiego\/Relpol_nagroda_2_10_2021_asdkl32-600x400.jpg 600w\" sizes=\"(max-width: 800px) 100vw, 800px\" \/><\/p>\n","protected":false},"excerpt":{"rendered":"<p>Podczas Lubuskiego Kongresu Gospodarczego 2021 firma Relpol otrzyma\u0142a Nagrod\u0119 Gospodarcz\u0105 Marsza\u0142ka Wojew\u00f3dztwa Lubuskiego 2021. Nagrod\u0119 przyznano za produkcj\u0119 przeka\u017anik\u00f3w bistabilnych o podwy\u017cszonej niezawodno\u015bci, a zw\u0142aszcza za przemiany proces\u00f3w technologicznych, kt\u00f3re pozwalaj\u0105 na wyeliminowanie z produkcji chlorometanu, odzysku wody na linii niklowo-cynowej oraz zmniejszenia \u015brodk\u00f3w chemicznych podczas produkcji wyrob\u00f3w elektrotechnicznych i elektronicznych. Gospodarzami wydarzenia byli marsza\u0142ek&hellip;<\/p>\n","protected":false},"author":3,"featured_media":35992,"comment_status":"closed","ping_status":"closed","sticky":false,"template":"","format":"standard","meta":[],"categories":[320],"tags":[360],"_links":{"self":[{"href":"https:\/\/elektrosystemy.pl\/index.php?rest_route=\/wp\/v2\/posts\/35991"}],"collection":[{"href":"https:\/\/elektrosystemy.pl\/index.php?rest_route=\/wp\/v2\/posts"}],"about":[{"href":"https:\/\/elektrosystemy.pl\/index.php?rest_route=\/wp\/v2\/types\/post"}],"author":[{"embeddable":true,"href":"https:\/\/elektrosystemy.pl\/index.php?rest_route=\/wp\/v2\/users\/3"}],"replies":[{"embeddable":true,"href":"https:\/\/elektrosystemy.pl\/index.php?rest_route=%2Fwp%2Fv2%2Fcomments&post=35991"}],"version-history":[{"count":1,"href":"https:\/\/elektrosystemy.pl\/index.php?rest_route=\/wp\/v2\/posts\/35991\/revisions"}],"predecessor-version":[{"id":35994,"href":"https:\/\/elektrosystemy.pl\/index.php?rest_route=\/wp\/v2\/posts\/35991\/revisions\/35994"}],"wp:featuredmedia":[{"embeddable":true,"href":"https:\/\/elektrosystemy.pl\/index.php?rest_route=\/wp\/v2\/media\/35992"}],"wp:attachment":[{"href":"https:\/\/elektrosystemy.pl\/index.php?rest_route=%2Fwp%2Fv2%2Fmedia&parent=35991"}],"wp:term":[{"taxonomy":"category","embeddable":true,"href":"https:\/\/elektrosystemy.pl\/index.php?rest_route=%2Fwp%2Fv2%2Fcategories&post=35991"},{"taxonomy":"post_tag","embeddable":true,"href":"https:\/\/elektrosystemy.pl\/index.php?rest_route=%2Fwp%2Fv2%2Ftags&post=35991"}],"curies":[{"name":"wp","href":"https:\/\/api.w.org\/{rel}","templated":true}]}}