{"id":35999,"date":"2021-10-15T13:17:48","date_gmt":"2021-10-15T11:17:48","guid":{"rendered":"https:\/\/elektrosystemy.pl\/?p=35999"},"modified":"2021-10-15T13:17:48","modified_gmt":"2021-10-15T11:17:48","slug":"energetyka-i-oze-na-targach-enex","status":"publish","type":"post","link":"https:\/\/elektrosystemy.pl\/?p=35999","title":{"rendered":"Energetyka i OZE na Targach Enex"},"content":{"rendered":"<p><strong>Targi Enex to wystawa \u0142\u0105cz\u0105ca tradycyjn\u0105 energetyk\u0119 i odnawialne \u017ar\u00f3d\u0142a energii. W kieleckim o\u015brodku wystawienniczym zobaczy\u0107 mo\u017cna zar\u00f3wno panele fotowoltaiczne, pompy ciep\u0142a, jak i firmy specjalizuj\u0105ce si\u0119 w energetyce zawodowej. Najbli\u017csza edycja Targ\u00f3w Enex odb\u0119dzie si\u0119 w dniach 23-24 lutego 2022 roku na terenie Targ\u00f3w Kielce.<\/strong><\/p>\n<p>Tradycyjna energia i jej pozyskiwanie stanowi niezwykle wa\u017cn\u0105 cz\u0119\u015b\u0107 polskiego przemys\u0142u, a przedsi\u0119biorstwa trudni\u0105ce si\u0119 jej pozyskiwaniem s\u0105 si\u0142\u0105 nap\u0119dow\u0105 rodzimej gospodarki. Jednocze\u015bnie targi Enex s\u0105 miejscem, gdzie prezentowane s\u0105 najnowsze rozwi\u0105zania z bran\u017cy OZE. To w Kielcach swoje premiery maj\u0105 najnowsze panele fotowoltaiczne, pompy ciep\u0142a czy ekologiczne kot\u0142ty. Targi Kielce od lat stanowi\u0105 miejsce spotka\u0144 bran\u017cy, u\u0142atwiaj\u0105 kontakt mi\u0119dzy przedsi\u0119biorcami skupionymi wok\u00f3\u0142 energii pozyskiwanej w tradycyjny, ale tak\u017ce nowatorski spos\u00f3b.<\/p>\n<p>Targi Enex to interesuj\u0105ca oferta dla zwiedzaj\u0105cych z bran\u017cy, kt\u00f3rzy pragn\u0105 nawi\u0105za\u0107 wsp\u00f3\u0142prac\u0119 z partnerami z ga\u0142\u0119zi energetyki zawodowej oraz OZE. Go\u015b\u0107mi wydarzenia s\u0105 przedstawiciele firm, takich jak zak\u0142ady energetyczne, producenci osprz\u0119tu i urz\u0105dze\u0144 dystrybuuj\u0105cych energi\u0119, specjali\u015bci i naukowcy z uczelni technicznych. W\u015br\u00f3d zwiedzaj\u0105cych nie brakuje r\u00f3wnie\u017c przedstawicieli urz\u0119d\u00f3w miast i gmin, kt\u00f3rzy decyduj\u0105 o wydatkach energetycznych bran\u017cy.<\/p>\n<p><strong>Salon Energetyki Zawodowej<\/strong><\/p>\n<p>Salon Energetyki Zawodowej zosta\u0142 stworzony z my\u015bl\u0105 o firmach i podmiotach zaanga\u017cowanych w produkcj\u0119 energii pozyskiwanej z tradycyjnych \u017ar\u00f3de\u0142, a tak\u017ce sprz\u0119tu i cz\u0119\u015bci u\u017cywanych do jej przetwarzania. Targi Enex to miejsce dla producent\u00f3w przetwornik\u00f3w, okablowa\u0144, skrzy\u0144 rozdzielczych czy licznik\u00f3w energii. W\u015br\u00f3d wystawc\u00f3w znajduj\u0105 si\u0119 czo\u0142owi, polscy dostawcy energii, dystrybutorzy, a tak\u017ce producenci przetwornik\u00f3w czy transformator\u00f3w.<\/p>\n<p><strong>Nowe wydarzenie &#8211; Targi Izolacji 4INSULATION<\/strong><\/p>\n<p>R\u00f3wnocze\u015bnie z targami bran\u017cy energetyki odb\u0119dzie si\u0119 pi\u0105ta edycja Mi\u0119dzynarodowych Targ\u00f3w Izolacji 4INSULATION. Celem wydarzenia jest stworzenie platformy spotka\u0144 producent\u00f3w i wykonawc\u00f3w izolacji przemys\u0142owych. Tragi s\u0105 miejscem prezentacji najnowszych technologii z zakresu izolacji przemys\u0142owych i budowlanych, produkt\u00f3w oraz materia\u0142\u00f3w oraz sposobem nawi\u0105zania kontakt\u00f3w biznesowych z przedstawicielami polskich, a tak\u017ce zagranicznych firm. Adresatami targ\u00f3w 4INSULATION s\u0105 profesjonali\u015bci z dziedziny izolacji, firm przemys\u0142u energetycznego, chemicznego i petrochemicznego, dystrybutor\u00f3w, konstruktor\u00f3w, konserwator\u00f3w instalacji oraz os\u00f3b kszta\u0142c\u0105cych si\u0119 w zawodzie.<\/p>\n<p>Wi\u0119cej informacji na:<a href=\"https:\/\/www.targikielce.pl\/enex\"> https:\/\/www.targikielce.pl\/enex<\/a><\/p>\n","protected":false},"excerpt":{"rendered":"<p>Targi Enex to wystawa \u0142\u0105cz\u0105ca tradycyjn\u0105 energetyk\u0119 i odnawialne \u017ar\u00f3d\u0142a energii. W kieleckim o\u015brodku wystawienniczym zobaczy\u0107 mo\u017cna zar\u00f3wno panele fotowoltaiczne, pompy ciep\u0142a, jak i firmy specjalizuj\u0105ce si\u0119 w energetyce zawodowej. Najbli\u017csza edycja Targ\u00f3w Enex odb\u0119dzie si\u0119 w dniach 23-24 lutego 2022 roku na terenie Targ\u00f3w Kielce. Tradycyjna energia i jej pozyskiwanie stanowi niezwykle wa\u017cn\u0105 cz\u0119\u015b\u0107&hellip;<\/p>\n","protected":false},"author":3,"featured_media":36000,"comment_status":"closed","ping_status":"closed","sticky":false,"template":"","format":"standard","meta":[],"categories":[318,327],"tags":[654],"_links":{"self":[{"href":"https:\/\/elektrosystemy.pl\/index.php?rest_route=\/wp\/v2\/posts\/35999"}],"collection":[{"href":"https:\/\/elektrosystemy.pl\/index.php?rest_route=\/wp\/v2\/posts"}],"about":[{"href":"https:\/\/elektrosystemy.pl\/index.php?rest_route=\/wp\/v2\/types\/post"}],"author":[{"embeddable":true,"href":"https:\/\/elektrosystemy.pl\/index.php?rest_route=\/wp\/v2\/users\/3"}],"replies":[{"embeddable":true,"href":"https:\/\/elektrosystemy.pl\/index.php?rest_route=%2Fwp%2Fv2%2Fcomments&post=35999"}],"version-history":[{"count":1,"href":"https:\/\/elektrosystemy.pl\/index.php?rest_route=\/wp\/v2\/posts\/35999\/revisions"}],"predecessor-version":[{"id":36001,"href":"https:\/\/elektrosystemy.pl\/index.php?rest_route=\/wp\/v2\/posts\/35999\/revisions\/36001"}],"wp:featuredmedia":[{"embeddable":true,"href":"https:\/\/elektrosystemy.pl\/index.php?rest_route=\/wp\/v2\/media\/36000"}],"wp:attachment":[{"href":"https:\/\/elektrosystemy.pl\/index.php?rest_route=%2Fwp%2Fv2%2Fmedia&parent=35999"}],"wp:term":[{"taxonomy":"category","embeddable":true,"href":"https:\/\/elektrosystemy.pl\/index.php?rest_route=%2Fwp%2Fv2%2Fcategories&post=35999"},{"taxonomy":"post_tag","embeddable":true,"href":"https:\/\/elektrosystemy.pl\/index.php?rest_route=%2Fwp%2Fv2%2Ftags&post=35999"}],"curies":[{"name":"wp","href":"https:\/\/api.w.org\/{rel}","templated":true}]}}