{"id":36056,"date":"2021-11-08T06:59:34","date_gmt":"2021-11-08T05:59:34","guid":{"rendered":"https:\/\/elektrosystemy.pl\/?p=36056"},"modified":"2021-11-08T13:06:11","modified_gmt":"2021-11-08T12:06:11","slug":"szczecin-zakupi-autobusy-elektryczne","status":"publish","type":"post","link":"https:\/\/elektrosystemy.pl\/?p=36056","title":{"rendered":"Szczecin zakupi autobusy elektryczne"},"content":{"rendered":"<p><strong>Dwa autobusy elektryczne zakupi Szczecin dzi\u0119ki dofinansowaniu z Narodowego Funduszu Ochrony \u015arodowiska i Gospodarki Wodnej. W mie\u015bcie powstan\u0105 r\u00f3wnie\u017c trzy stacje \u0142adowania zeroemisyjnych pojazd\u00f3w komunikacji publicznej. Umowa w tej sprawie zosta\u0142a podpisana 8 listopada w Zachodniopomorskim Urz\u0119dzie Wojew\u00f3dzkim.<\/strong><\/p>\n<p>Przedsi\u0119wzi\u0119cie zostanie zrealizowane w ramach projektu pn. \u201eZielony transport publiczny w Gminie Miasto Szczecin\u201d, kt\u00f3rego pierwsz\u0105 faz\u0119 stanowi w\u0142a\u015bnie nabycie przez tutejszy samorz\u0105d dw\u00f3ch zeroemisyjnych autobus\u00f3w wraz z niezb\u0119dn\u0105 infrastruktur\u0105 do ich zasilania i obs\u0142ugi. B\u0119d\u0105 to pojazdy fabrycznie nowe o mocy 145 kW, niskopod\u0142ogowe i klimatyzowane, przystosowane do potrzeb os\u00f3b niepe\u0142nosprawnych ruchowo. W obu zasilanych z baterii autobusach (kategorii M3 \u2013 BEV: <em>Batterry Electric Vehicle<\/em>) znajdzie si\u0119 co najmniej 120 miejsc pasa\u017cerskich, w tym minimum 35 siedz\u0105cych.<\/p>\n<p>Ca\u0142kowita warto\u015b\u0107 projektu wynosi 12,3 mln z\u0142, przy czym kwalifikowany koszt realizacji inwestycji i zwi\u0105zanych z ni\u0105 zakup\u00f3w \u2013 8,8 mln z\u0142. Zdecydowana wi\u0119kszo\u015b\u0107 tej kwoty (ponad 6,1 mln z\u0142) zostanie pokryta z dotacji przekazanej Szczecinowi przez NFO\u015aiGW w ramach wdra\u017cania wieloletniego programu priorytetowego pod nazw\u0105 \u201eZielony Transport Publiczny\u201d.<\/p>\n<p>W celu zasilania zakupionych pojazd\u00f3w, szczeci\u0144ski projekt przewiduje r\u00f3wnie\u017c budow\u0119 trzech stacji \u0142adowania autobus\u00f3w elektrycznych (ka\u017cda o mocy 400 kW).<\/p>\n<p>Przewidywana data zako\u0144czenia projektu to 31 grudnia 2023 r., przy czym samorz\u0105d miasta planuje kolejne fazy wdra\u017cania programu pod has\u0142em \u201eZielony transport publiczny w Szczecinie\u201d.<\/p>\n","protected":false},"excerpt":{"rendered":"<p>Dwa autobusy elektryczne zakupi Szczecin dzi\u0119ki dofinansowaniu z Narodowego Funduszu Ochrony \u015arodowiska i Gospodarki Wodnej. W mie\u015bcie powstan\u0105 r\u00f3wnie\u017c trzy stacje \u0142adowania zeroemisyjnych pojazd\u00f3w komunikacji publicznej. Umowa w tej sprawie zosta\u0142a podpisana 8 listopada w Zachodniopomorskim Urz\u0119dzie Wojew\u00f3dzkim. Przedsi\u0119wzi\u0119cie zostanie zrealizowane w ramach projektu pn. \u201eZielony transport publiczny w Gminie Miasto Szczecin\u201d, kt\u00f3rego pierwsz\u0105 faz\u0119&hellip;<\/p>\n","protected":false},"author":3,"featured_media":36057,"comment_status":"closed","ping_status":"closed","sticky":false,"template":"","format":"standard","meta":[],"categories":[1332],"tags":[665],"_links":{"self":[{"href":"https:\/\/elektrosystemy.pl\/index.php?rest_route=\/wp\/v2\/posts\/36056"}],"collection":[{"href":"https:\/\/elektrosystemy.pl\/index.php?rest_route=\/wp\/v2\/posts"}],"about":[{"href":"https:\/\/elektrosystemy.pl\/index.php?rest_route=\/wp\/v2\/types\/post"}],"author":[{"embeddable":true,"href":"https:\/\/elektrosystemy.pl\/index.php?rest_route=\/wp\/v2\/users\/3"}],"replies":[{"embeddable":true,"href":"https:\/\/elektrosystemy.pl\/index.php?rest_route=%2Fwp%2Fv2%2Fcomments&post=36056"}],"version-history":[{"count":1,"href":"https:\/\/elektrosystemy.pl\/index.php?rest_route=\/wp\/v2\/posts\/36056\/revisions"}],"predecessor-version":[{"id":36058,"href":"https:\/\/elektrosystemy.pl\/index.php?rest_route=\/wp\/v2\/posts\/36056\/revisions\/36058"}],"wp:featuredmedia":[{"embeddable":true,"href":"https:\/\/elektrosystemy.pl\/index.php?rest_route=\/wp\/v2\/media\/36057"}],"wp:attachment":[{"href":"https:\/\/elektrosystemy.pl\/index.php?rest_route=%2Fwp%2Fv2%2Fmedia&parent=36056"}],"wp:term":[{"taxonomy":"category","embeddable":true,"href":"https:\/\/elektrosystemy.pl\/index.php?rest_route=%2Fwp%2Fv2%2Fcategories&post=36056"},{"taxonomy":"post_tag","embeddable":true,"href":"https:\/\/elektrosystemy.pl\/index.php?rest_route=%2Fwp%2Fv2%2Ftags&post=36056"}],"curies":[{"name":"wp","href":"https:\/\/api.w.org\/{rel}","templated":true}]}}