{"id":36080,"date":"2021-11-15T11:48:15","date_gmt":"2021-11-15T10:48:15","guid":{"rendered":"https:\/\/elektrosystemy.pl\/?p=36080"},"modified":"2021-11-15T11:48:15","modified_gmt":"2021-11-15T10:48:15","slug":"enea-wybuduje-farme-pv-o-mocy-2mw","status":"publish","type":"post","link":"https:\/\/elektrosystemy.pl\/?p=36080","title":{"rendered":"Enea wybuduje farm\u0119 PV o mocy 2MW"},"content":{"rendered":"<p><strong>Enea Nowa Energia (Grupa Enea) wybuduje farm\u0119 fotowoltaiczn\u0105 o mocy 2 MW w gminie G\u00f3zd. Inwestycja jest pierwszym z projekt\u00f3w, kt\u00f3re Enea Nowa Energia zamierza zrealizowa\u0107 w ramach programu \u201eFotowoltaika dla ka\u017cdej gminy\u201d.<\/strong><\/p>\n<p>Sp\u00f3\u0142ka podpisa\u0142a z Gmin\u0105 G\u00f3zd umow\u0119 na dzier\u017caw\u0119 2 ha gruntu. Z\u0142o\u017cy\u0142a ju\u017c r\u00f3wnie\u017c wniosek o wydanie decyzji o uwarunkowaniach \u015brodowiskowych, a kolejnym etapem inwestycji b\u0119dzie uzyskanie wymaganych zg\u00f3d i pozwole\u0144 administracyjnych, w tym decyzji o warunkach zabudowy.<\/p>\n<p>Umowa pomi\u0119dzy Ene\u0105 Nowa Energia a Gmin\u0105 G\u00f3zd (powiat radomski) jest pierwszym dokumentem dzier\u017cawy podpisanym w ramach realizowanego przez sp\u00f3\u0142k\u0119 programu pn. \u201eFotowoltaika dla ka\u017cdej Gminy\u201d. Jego celem s\u0105 inwestycje w rozw\u00f3j odnawialnych \u017ar\u00f3de\u0142 energii na terenach gmin wiejskich i miejsko-wiejskich, kt\u00f3re b\u0119d\u0105 przeprowadzane we wsp\u00f3\u0142pracy z jednostkami samorz\u0105du terytorialnego.<\/p>\n<p>\u2013 <em>Umowa z Gmin\u0105 G\u00f3zd i program \u201eFotowoltaika dla ka\u017cdej gminy\u201d, to cz\u0119\u015b\u0107 aktywnych dzia\u0142a\u0144 Enei Nowa Energia s\u0142u\u017c\u0105cych pozyskaniu nowych mocy OZE dla Grupy Enea. Program jest autorskim pomys\u0142em pracownik\u00f3w Enei Nowa Energia, kt\u00f3rych zaanga\u017cowanie doprowadzi\u0142o do podpisania umowy, za co nale\u017c\u0105 si\u0119 ogromne podzi\u0119kowania. Nie by\u0142oby to mo\u017cliwe r\u00f3wnie\u017c, gdyby nie otwarto\u015b\u0107 w\u0142adz Gozdu na wsp\u00f3\u0142prac\u0119, za kt\u00f3r\u0105 serdecznie dzi\u0119kuj\u0119 Panu w\u00f3jtowi<\/em> \u2013 powiedzia\u0142 Krzysztof Czaban, prezes Enei Nowa Energia.<\/p>\n","protected":false},"excerpt":{"rendered":"<p>Enea Nowa Energia (Grupa Enea) wybuduje farm\u0119 fotowoltaiczn\u0105 o mocy 2 MW w gminie G\u00f3zd. Inwestycja jest pierwszym z projekt\u00f3w, kt\u00f3re Enea Nowa Energia zamierza zrealizowa\u0107 w ramach programu \u201eFotowoltaika dla ka\u017cdej gminy\u201d. Sp\u00f3\u0142ka podpisa\u0142a z Gmin\u0105 G\u00f3zd umow\u0119 na dzier\u017caw\u0119 2 ha gruntu. Z\u0142o\u017cy\u0142a ju\u017c r\u00f3wnie\u017c wniosek o wydanie decyzji o uwarunkowaniach \u015brodowiskowych, a&hellip;<\/p>\n","protected":false},"author":3,"featured_media":36081,"comment_status":"closed","ping_status":"closed","sticky":false,"template":"","format":"standard","meta":[],"categories":[850,827],"tags":[664,2290],"_links":{"self":[{"href":"https:\/\/elektrosystemy.pl\/index.php?rest_route=\/wp\/v2\/posts\/36080"}],"collection":[{"href":"https:\/\/elektrosystemy.pl\/index.php?rest_route=\/wp\/v2\/posts"}],"about":[{"href":"https:\/\/elektrosystemy.pl\/index.php?rest_route=\/wp\/v2\/types\/post"}],"author":[{"embeddable":true,"href":"https:\/\/elektrosystemy.pl\/index.php?rest_route=\/wp\/v2\/users\/3"}],"replies":[{"embeddable":true,"href":"https:\/\/elektrosystemy.pl\/index.php?rest_route=%2Fwp%2Fv2%2Fcomments&post=36080"}],"version-history":[{"count":1,"href":"https:\/\/elektrosystemy.pl\/index.php?rest_route=\/wp\/v2\/posts\/36080\/revisions"}],"predecessor-version":[{"id":36082,"href":"https:\/\/elektrosystemy.pl\/index.php?rest_route=\/wp\/v2\/posts\/36080\/revisions\/36082"}],"wp:featuredmedia":[{"embeddable":true,"href":"https:\/\/elektrosystemy.pl\/index.php?rest_route=\/wp\/v2\/media\/36081"}],"wp:attachment":[{"href":"https:\/\/elektrosystemy.pl\/index.php?rest_route=%2Fwp%2Fv2%2Fmedia&parent=36080"}],"wp:term":[{"taxonomy":"category","embeddable":true,"href":"https:\/\/elektrosystemy.pl\/index.php?rest_route=%2Fwp%2Fv2%2Fcategories&post=36080"},{"taxonomy":"post_tag","embeddable":true,"href":"https:\/\/elektrosystemy.pl\/index.php?rest_route=%2Fwp%2Fv2%2Ftags&post=36080"}],"curies":[{"name":"wp","href":"https:\/\/api.w.org\/{rel}","templated":true}]}}