{"id":36375,"date":"2022-01-11T15:37:07","date_gmt":"2022-01-11T14:37:07","guid":{"rendered":"https:\/\/elektrosystemy.pl\/?p=36375"},"modified":"2022-01-13T14:40:48","modified_gmt":"2022-01-13T13:40:48","slug":"radom-kupi-autobusy-elektryczne","status":"publish","type":"post","link":"https:\/\/elektrosystemy.pl\/?p=36375","title":{"rendered":"Radom kupi autobusy elektryczne"},"content":{"rendered":"<p><strong>Radom kupi sze\u015b\u0107 autobus\u00f3w elektrycznych wraz z infrastruktur\u0105. Inwestycja zostanie wsparta finansowo przez Narodowy Fundusz Ochrony \u015arodowiska i Gospodarki Wodnej kwot\u0105 12,6 mln z\u0142 dotacji oraz 5,2 mln z\u0142 niskooprocentowanej po\u017cyczki. Radomskie Miejskie Przedsi\u0119biorstwo Komunikacji b\u0119dzie mog\u0142o kupi\u0107 pojazdy dzi\u0119ki \u015brodkom z programu priorytetowego NFO\u015aiGW pn. \u201eZielony Transport Publiczny\u201d. Ca\u0142kowity koszt projektu wyniesie oko\u0142o 22 mln z\u0142, a jego realizacja potrwa do wrze\u015bnia 2023 r.<\/strong><\/p>\n<p>W ramach przedsi\u0119wzi\u0119cia zostanie zakupionych sze\u015b\u0107 osiemnastometrowych autobus\u00f3w o nap\u0119dzie elektrycznym, przeznaczonych do obs\u0142ugi transportu zbiorowego Radomia. Wyposa\u017cone b\u0119d\u0105 one w silniki trakcyjne <em>\u2013 <\/em>centralne lub silniki w osiach, o \u0142\u0105cznej mocy min. 240 kW, zasilane bateriami trakcyjnymi min. 150 kW\/h. Liczba miejsc siedz\u0105cych, kt\u00f3r\u0105 zaoferuje ka\u017cdy z autobus\u00f3w, wyniesie 38, a miejsc stoj\u0105cych ok. 130. Pojazdy b\u0119d\u0105 dostosowane do przewozu os\u00f3b niepe\u0142nosprawnych. Planowany roczny przebieg ka\u017cdego zakupionego autobusu to minimum 25 tys. km.<\/p>\n<p>Beneficjent przewidzia\u0142 w ramach projektu budow\u0119 stacji szybkiego \u0142adowania pantografowego wraz z niezb\u0119dn\u0105 infrastruktur\u0105 (zlokalizowanej w Radomiu, przy ul. Kr\u00f3lowej Jadwigi). Planuje si\u0119 r\u00f3wnie\u017c zakup trzech mobilnych dwuwyj\u015bciowych stacji \u0142adowania zajezdniowego, kt\u00f3re zapewni\u0105 w sumie sze\u015b\u0107 punkt\u00f3w \u0142adowania. W ramach projektu zaplanowano tak\u017ce przeprowadzenie szkolenia z obs\u0142ugi pojazd\u00f3w dla 24 kierowc\u00f3w i 15 pracownik\u00f3w zaplecza technicznego.<\/p>\n","protected":false},"excerpt":{"rendered":"<p>Radom kupi sze\u015b\u0107 autobus\u00f3w elektrycznych wraz z infrastruktur\u0105. Inwestycja zostanie wsparta finansowo przez Narodowy Fundusz Ochrony \u015arodowiska i Gospodarki Wodnej kwot\u0105 12,6 mln z\u0142 dotacji oraz 5,2 mln z\u0142 niskooprocentowanej po\u017cyczki. Radomskie Miejskie Przedsi\u0119biorstwo Komunikacji b\u0119dzie mog\u0142o kupi\u0107 pojazdy dzi\u0119ki \u015brodkom z programu priorytetowego NFO\u015aiGW pn. \u201eZielony Transport Publiczny\u201d. Ca\u0142kowity koszt projektu wyniesie oko\u0142o 22&hellip;<\/p>\n","protected":false},"author":3,"featured_media":36376,"comment_status":"closed","ping_status":"closed","sticky":false,"template":"","format":"standard","meta":[],"categories":[1332,323],"tags":[665],"_links":{"self":[{"href":"https:\/\/elektrosystemy.pl\/index.php?rest_route=\/wp\/v2\/posts\/36375"}],"collection":[{"href":"https:\/\/elektrosystemy.pl\/index.php?rest_route=\/wp\/v2\/posts"}],"about":[{"href":"https:\/\/elektrosystemy.pl\/index.php?rest_route=\/wp\/v2\/types\/post"}],"author":[{"embeddable":true,"href":"https:\/\/elektrosystemy.pl\/index.php?rest_route=\/wp\/v2\/users\/3"}],"replies":[{"embeddable":true,"href":"https:\/\/elektrosystemy.pl\/index.php?rest_route=%2Fwp%2Fv2%2Fcomments&post=36375"}],"version-history":[{"count":1,"href":"https:\/\/elektrosystemy.pl\/index.php?rest_route=\/wp\/v2\/posts\/36375\/revisions"}],"predecessor-version":[{"id":36377,"href":"https:\/\/elektrosystemy.pl\/index.php?rest_route=\/wp\/v2\/posts\/36375\/revisions\/36377"}],"wp:featuredmedia":[{"embeddable":true,"href":"https:\/\/elektrosystemy.pl\/index.php?rest_route=\/wp\/v2\/media\/36376"}],"wp:attachment":[{"href":"https:\/\/elektrosystemy.pl\/index.php?rest_route=%2Fwp%2Fv2%2Fmedia&parent=36375"}],"wp:term":[{"taxonomy":"category","embeddable":true,"href":"https:\/\/elektrosystemy.pl\/index.php?rest_route=%2Fwp%2Fv2%2Fcategories&post=36375"},{"taxonomy":"post_tag","embeddable":true,"href":"https:\/\/elektrosystemy.pl\/index.php?rest_route=%2Fwp%2Fv2%2Ftags&post=36375"}],"curies":[{"name":"wp","href":"https:\/\/api.w.org\/{rel}","templated":true}]}}