{"id":36439,"date":"2022-01-26T06:14:17","date_gmt":"2022-01-26T05:14:17","guid":{"rendered":"https:\/\/elektrosystemy.pl\/?p=36439"},"modified":"2022-01-26T13:04:51","modified_gmt":"2022-01-26T12:04:51","slug":"aps-energia-program-motywacyjny-i-podwyzszenie-kapitalu","status":"publish","type":"post","link":"https:\/\/elektrosystemy.pl\/?p=36439","title":{"rendered":"APS Energia: program motywacyjny i podwy\u017cszenie kapita\u0142u"},"content":{"rendered":"<p><strong>APS Energia zamierza osi\u0105gn\u0105\u0107 w 2022 roku 19 mln z\u0142 na poziomie EBITDA, a w 2026 roku poprawi\u0107 ten wynik o ponad 240%. Zarz\u0105d nie wyklucza budowy nowego zak\u0142adu produkuj\u0105cego urz\u0105dzenia dla magazyn\u00f3w energii oraz OZE. Ponadto NWZA sp\u00f3\u0142ki przyj\u0119\u0142o pi\u0119cioletni program motywacyjny.<\/strong><\/p>\n<p>Wed\u0142ug informacji przekazanych przez sp\u00f3\u0142k\u0119 program motywacyjny ma zapewni\u0107 optymalne warunki do osi\u0105gni\u0119cia wysokich wynik\u00f3w finansowych i d\u0142ugoterminowego wzrostu warto\u015bci APS Energia, poprzez efektywne zarz\u0105dzenie oraz trwa\u0142e zwi\u0105zanie ze sp\u00f3\u0142k\u0105 os\u00f3b o kluczowym znaczeniu. B\u0119d\u0105 im przys\u0142ugiwa\u0142y warranty subskrypcyjne serii B (maksymalnie 1,5 mln sztuk), uprawniaj\u0105ce do obj\u0119cia akcji emitowanych w ramach warunkowego podwy\u017cszenia kapita\u0142u zak\u0142adowego serii G. Program b\u0119dzie uruchamiany w transzach rocznych, w maksymalnej puli 300 tys. warrant\u00f3w (przy realizacji 100% cel\u00f3w). Realizacja Programu Motywacyjnego uzale\u017cniona jest od wypracowania odpowiednich wynik\u00f3w w najbli\u017cszych latach. Celem na 2022 rok jest osi\u0105gniecie 19 mln z\u0142 wyniku EBITDA, a na kolejne cztery lata odpowiednio: 22,4 mln z\u0142, 34,0 mln z\u0142, 44,9 mln z\u0142 i 65 mln z\u0142.<br \/>\nW 2020 roku EBITDA APS Energii wynios\u0142a 0,7 mln z\u0142, a w 2019 roku 16,1 mln z\u0142. Uczestnik programu b\u0119dzie mia\u0142 prawo obj\u0119cia akcji serii G po cenie odpowiadaj\u0105cej 40% ceny akcji.<\/p>\n<p><em>&#8211; Program Motywacyjny przyj\u0119li\u015bmy na Nadzwyczajnym Walnym Zgromadzeniu Akcjonariuszy zainicjowanym w zwi\u0105zku z realizacj\u0105 nowej strategii. Zak\u0142ada on realizacj\u0119 ambitnych cel\u00f3w biznesowych, kt\u00f3re s\u0105 jak najbardziej w naszym zasi\u0119gu. Chcemy tego dokona\u0107 bazuj\u0105c na klasycznych sektorach energetyki, do kt\u00f3rych zaliczamy elektrownie, przemys\u0142, przetw\u00f3rstwo ropy i gazu oraz na segmentach kluczowych dla budowania gospodarki opartej na \u015brodkach transportu zbiorowego (T&amp;T, e-mobility), energetyce atomowej oraz magazynowaniu energii i systemach przetwarzania energii dla OZE. Wszystkie nasze dzia\u0142ania i przedstawione za\u0142o\u017cenia wzrostu wyniku EBITDA zak\u0142adaj\u0105 wy\u0142\u0105cznie rozw\u00f3j organiczny. Z drugiej jednak strony nie wykluczamy alians\u00f3w i wsp\u00f3\u0142pracy z innymi podmiotami. Dodatkowym wsparciem w realizacji cel\u00f3w b\u0119dzie Hubert St\u0119pniewicz, kt\u00f3ry od pocz\u0105tku tego roku wzmocni\u0142 zarz\u0105d naszej sp\u00f3\u0142ki<\/em> \u2013 podkre\u015bla Piotr Szewczyk, prezes zarz\u0105du APS Energia.<\/p>\n<p><strong>Podwy\u017cszenie kapita\u0142u, nowy zak\u0142ad<\/strong><\/p>\n<p>Ostatnie NWZA upowa\u017cni\u0142o zarz\u0105d do podwy\u017cszenia kapita\u0142u w ramach kapita\u0142u docelowego. Upowa\u017cnienie obowi\u0105zuje od przysz\u0142ego miesi\u0105ca do ko\u0144ca 2024 roku. Dzi\u0119ki temu sp\u00f3\u0142ka b\u0119dzie mog\u0142a wyemitowa\u0107 do 5 mln akcji serii F.<br \/>\n<em>&#8211; Decyzja ta ma zwi\u0105zek z realizacj\u0105 nowej strategii i potrzeb\u0105 ewentualnego pozyskania \u015brodk\u00f3w na inwestycje. Nie wykluczamy budowy nowego zak\u0142adu produkcyjnego w Stanis\u0142awowie Pierwszym, w celu stworzenia zasob\u00f3w pod produkcj\u0119 urz\u0105dze\u0144 dla dziedziny magazynowania energii i OZE. Nowy zak\u0142ad m\u00f3g\u0142by powsta\u0107 obok obecnego na posiadanej przez nas 2-hektarowej dzia\u0142ce. Ewentualna budowa fabryki mog\u0142aby ruszy\u0107 w przysz\u0142ym roku, a jej uruchomienie nast\u0105pi\u0142oby w 2024 roku. Dzi\u0119ki tej inwestycji mogliby\u015bmy znacz\u0105co zwi\u0119kszy\u0107 nasz\u0105 obecno\u015b\u0107 na rynku polskim oraz Europy Zachodniej. Obecnie nie mamy problem\u00f3w z pozyskaniem nowych zam\u00f3wie\u0144. Sytuacja jest dobra, podobnie zreszt\u0105 jak nasze perspektywy. G\u0142\u00f3wnym czynnikiem ryzyka jest dost\u0119p do komponent\u00f3w oraz trwaj\u0105ca pandemia COVID-19, ale i z tym staramy si\u0119 sobie radzi\u0107 <\/em>\u2013 dodaje Piotr Szewczyk.<br \/>\nPod koniec ubieg\u0142ego roku sp\u00f3\u0142ka przyj\u0119\u0142a now\u0105 strategi\u0119 na kolejne lata. Zak\u0142ada ona dynamiczny rozw\u00f3j i osi\u0105gni\u0119cie przychod\u00f3w powy\u017cej 500 mln z\u0142 w 2026 roku, co daje \u015brednioroczny wzrost na poziomie 35%. Zarz\u0105d planuje wykorzysta\u0107 zielon\u0105 transformacj\u0119 do rozwoju w wybranych technologicznych obszarach dzia\u0142alno\u015bci, m.in. energetyki atomowej, OZE i magazynach energii.<\/p>\n","protected":false},"excerpt":{"rendered":"<p>APS Energia zamierza osi\u0105gn\u0105\u0107 w 2022 roku 19 mln z\u0142 na poziomie EBITDA, a w 2026 roku poprawi\u0107 ten wynik o ponad 240%. Zarz\u0105d nie wyklucza budowy nowego zak\u0142adu produkuj\u0105cego urz\u0105dzenia dla magazyn\u00f3w energii oraz OZE. Ponadto NWZA sp\u00f3\u0142ki przyj\u0119\u0142o pi\u0119cioletni program motywacyjny. Wed\u0142ug informacji przekazanych przez sp\u00f3\u0142k\u0119 program motywacyjny ma zapewni\u0107 optymalne warunki do&hellip;<\/p>\n","protected":false},"author":3,"featured_media":27829,"comment_status":"closed","ping_status":"closed","sticky":false,"template":"","format":"standard","meta":[],"categories":[318,323],"tags":[646],"_links":{"self":[{"href":"https:\/\/elektrosystemy.pl\/index.php?rest_route=\/wp\/v2\/posts\/36439"}],"collection":[{"href":"https:\/\/elektrosystemy.pl\/index.php?rest_route=\/wp\/v2\/posts"}],"about":[{"href":"https:\/\/elektrosystemy.pl\/index.php?rest_route=\/wp\/v2\/types\/post"}],"author":[{"embeddable":true,"href":"https:\/\/elektrosystemy.pl\/index.php?rest_route=\/wp\/v2\/users\/3"}],"replies":[{"embeddable":true,"href":"https:\/\/elektrosystemy.pl\/index.php?rest_route=%2Fwp%2Fv2%2Fcomments&post=36439"}],"version-history":[{"count":1,"href":"https:\/\/elektrosystemy.pl\/index.php?rest_route=\/wp\/v2\/posts\/36439\/revisions"}],"predecessor-version":[{"id":36440,"href":"https:\/\/elektrosystemy.pl\/index.php?rest_route=\/wp\/v2\/posts\/36439\/revisions\/36440"}],"wp:featuredmedia":[{"embeddable":true,"href":"https:\/\/elektrosystemy.pl\/index.php?rest_route=\/wp\/v2\/media\/27829"}],"wp:attachment":[{"href":"https:\/\/elektrosystemy.pl\/index.php?rest_route=%2Fwp%2Fv2%2Fmedia&parent=36439"}],"wp:term":[{"taxonomy":"category","embeddable":true,"href":"https:\/\/elektrosystemy.pl\/index.php?rest_route=%2Fwp%2Fv2%2Fcategories&post=36439"},{"taxonomy":"post_tag","embeddable":true,"href":"https:\/\/elektrosystemy.pl\/index.php?rest_route=%2Fwp%2Fv2%2Ftags&post=36439"}],"curies":[{"name":"wp","href":"https:\/\/api.w.org\/{rel}","templated":true}]}}