{"id":36528,"date":"2022-02-07T11:59:26","date_gmt":"2022-02-07T10:59:26","guid":{"rendered":"https:\/\/elektrosystemy.pl\/?p=36528"},"modified":"2022-02-08T05:02:36","modified_gmt":"2022-02-08T04:02:36","slug":"sonel-powolal-nowy-zarzad","status":"publish","type":"post","link":"https:\/\/elektrosystemy.pl\/?p=36528","title":{"rendered":"Sonel powo\u0142a\u0142 nowy zarz\u0105d"},"content":{"rendered":"<p><strong>Rada nadzorcza sp\u00f3\u0142ki Sonel powo\u0142a\u0142a nowy, trzyosobowy zarz\u0105d. Prezesem zarz\u0105du zosta\u0142 Tomasz Wi\u015bniewski. <\/strong><\/p>\n<p>Do zarz\u0105du powo\u0142ani zostali tak\u017ce Tomasz Hodij oraz Piotr Saciuk. Trzyletnia kadencja nowo powo\u0142anych cz\u0142onk\u00f3w zarz\u0105du rozpocznie si\u0119 z dniem odbycia ZWZ zatwierdzaj\u0105cego sprawozdanie finansowe Sonela za 2021 r. Wcze\u015bniej z kandydowania na kolejn\u0105 kadencj\u0119 zrezygnowa\u0142 dotychczasowy prezes Krzysztof Wieczorkowski i wiceprezes Jan Walulik.<\/p>\n<p>Tomasz Wi\u015bniewski, obecny cz\u0142onek zarz\u0105du Sonela, od lat wi\u0105zany jest ze sp\u00f3\u0142k\u0105, mi\u0119dzy innymi jako dyrektor operacyjny, a wcze\u015bniej dyrektor produkcyjny. Odpowiada\u0142 m. in. za zarz\u0105dzanie pionem produkcyjnym oraz dzia\u0142ami: jako\u015bci, technologii, logistyki i zakup\u00f3w, serwisu, laboratorium, dzia\u0142em konstrukcyjnym, informatyki, utrzymania ruchu, wdra\u017cania i utrzymanie system\u00f3w Lean Manufacturing i Six Sigma.<\/p>\n<p>Tomasz Hodij jest obecnie cz\u0142onkiem zarz\u0105du Sonela, a tak\u017ce wieloletnim dyrektorem finansowym. Piotr Saciuk od 2020 roku jest dyrektorem handlowym w Sonelu.<\/p>\n","protected":false},"excerpt":{"rendered":"<p>Rada nadzorcza sp\u00f3\u0142ki Sonel powo\u0142a\u0142a nowy, trzyosobowy zarz\u0105d. Prezesem zarz\u0105du zosta\u0142 Tomasz Wi\u015bniewski. Do zarz\u0105du powo\u0142ani zostali tak\u017ce Tomasz Hodij oraz Piotr Saciuk. Trzyletnia kadencja nowo powo\u0142anych cz\u0142onk\u00f3w zarz\u0105du rozpocznie si\u0119 z dniem odbycia ZWZ zatwierdzaj\u0105cego sprawozdanie finansowe Sonela za 2021 r. Wcze\u015bniej z kandydowania na kolejn\u0105 kadencj\u0119 zrezygnowa\u0142 dotychczasowy prezes Krzysztof Wieczorkowski i wiceprezes&hellip;<\/p>\n","protected":false},"author":3,"featured_media":30572,"comment_status":"closed","ping_status":"closed","sticky":false,"template":"","format":"standard","meta":[],"categories":[318,323],"tags":[429],"_links":{"self":[{"href":"https:\/\/elektrosystemy.pl\/index.php?rest_route=\/wp\/v2\/posts\/36528"}],"collection":[{"href":"https:\/\/elektrosystemy.pl\/index.php?rest_route=\/wp\/v2\/posts"}],"about":[{"href":"https:\/\/elektrosystemy.pl\/index.php?rest_route=\/wp\/v2\/types\/post"}],"author":[{"embeddable":true,"href":"https:\/\/elektrosystemy.pl\/index.php?rest_route=\/wp\/v2\/users\/3"}],"replies":[{"embeddable":true,"href":"https:\/\/elektrosystemy.pl\/index.php?rest_route=%2Fwp%2Fv2%2Fcomments&post=36528"}],"version-history":[{"count":1,"href":"https:\/\/elektrosystemy.pl\/index.php?rest_route=\/wp\/v2\/posts\/36528\/revisions"}],"predecessor-version":[{"id":36529,"href":"https:\/\/elektrosystemy.pl\/index.php?rest_route=\/wp\/v2\/posts\/36528\/revisions\/36529"}],"wp:featuredmedia":[{"embeddable":true,"href":"https:\/\/elektrosystemy.pl\/index.php?rest_route=\/wp\/v2\/media\/30572"}],"wp:attachment":[{"href":"https:\/\/elektrosystemy.pl\/index.php?rest_route=%2Fwp%2Fv2%2Fmedia&parent=36528"}],"wp:term":[{"taxonomy":"category","embeddable":true,"href":"https:\/\/elektrosystemy.pl\/index.php?rest_route=%2Fwp%2Fv2%2Fcategories&post=36528"},{"taxonomy":"post_tag","embeddable":true,"href":"https:\/\/elektrosystemy.pl\/index.php?rest_route=%2Fwp%2Fv2%2Ftags&post=36528"}],"curies":[{"name":"wp","href":"https:\/\/api.w.org\/{rel}","templated":true}]}}