{"id":36690,"date":"2022-03-31T11:12:28","date_gmt":"2022-03-31T09:12:28","guid":{"rendered":"https:\/\/elektrosystemy.pl\/?p=36690"},"modified":"2022-03-31T11:12:28","modified_gmt":"2022-03-31T09:12:28","slug":"moj-prad-4-0-rusza-nabor-wnioskow","status":"publish","type":"post","link":"https:\/\/elektrosystemy.pl\/?p=36690","title":{"rendered":"M\u00f3j Pr\u0105d 4.0 \u2013 rusza  nab\u00f3r wniosk\u00f3w"},"content":{"rendered":"<p><strong>Narodowy Fundusz Ochrony \u015arodowiska i Gospodarki Wodnej 15 kwietnia br. uruchomi czwarty ju\u017c nab\u00f3r wniosk\u00f3w dla os\u00f3b fizycznych w programie \u201eM\u00f3j Pr\u0105d\u201d. Wsparcie dotyczy\u0107 b\u0119dzie nie tylko domowych mikroinstalacji fotowoltaicznych (PV), ale tak\u017ce magazyn\u00f3w energii i ciep\u0142a, kt\u00f3re zwi\u0119kszaj\u0105 autokonsumpcj\u0119 energii elektrycznej wytworzonej z w\u0142asnych paneli PV. Dotacj\u0119 b\u0119dzie mo\u017cna tak\u017ce uzyska\u0107 na zintegrowane z urz\u0105dzeniami inteligentne systemy zarz\u0105dzania energi\u0105. Maksymalne dofinansowanie na mikroinstalacje wraz z magazynami energii mo\u017ce si\u0119gn\u0105\u0107 ponad 20 tys. z\u0142otych. Te propozycje b\u0119d\u0105 skierowane do prosument\u00f3w rozliczaj\u0105cych si\u0119 z wyprodukowanej energii elektrycznej w nowym systemie net-billing.<\/strong><\/p>\n<p>Dotychczasowe trzy nabory w prowadzonym przez NFO\u015aiGW programie priorytetowym \u201eM\u00f3j Pr\u0105d\u201d posiada\u0142y \u0142\u0105czny bud\u017cet w wysoko\u015bci ponad 1,8 mld z\u0142. Wp\u0142yn\u0119\u0142y w ty czasie 444 tys. wniosk\u00f3w od os\u00f3b indywidualnych. Obecnie funkcjonuje w Polsce ponad 866 tys. przy\u0142\u0105czonych do sieci domowych mikroinstalacji fotowoltaicznych. Wed\u0142ug ocen ekspert\u00f3w, w ubieg\u0142ym roku 1,5% energii elektrycznej wyprodukowanej w kraju pochodzi\u0142o z fotowoltaiki.<\/p>\n<p>Czwarty nab\u00f3r wniosk\u00f3w w programie \u201eM\u00f3j Pr\u0105d\u201d <strong>rozpocznie si\u0119 15 kwietnia 2022<\/strong> r. i b\u0119dzie prowadzony w trybie ci\u0105g\u0142ym. Kluczowym celem programu, kt\u00f3ry ma by\u0107 realizowany do roku 2023, jest zwi\u0119kszenie w Polsce produkcji energii elektrycznej z mikroinstalacji fotowoltaicznych, wzrost autokonsumpcji wytworzonej energii poprzez jej magazynowanie, a tak\u017ce zwi\u0119kszenie efektywno\u015bci zarz\u0105dzania energi\u0105 elektryczn\u0105. W rezultacie ma nast\u0105pi\u0107 zmniejszenie emisji dwutlenku w\u0119gla (CO2) o 910\u00a0000 ton w ci\u0105gu roku, a wska\u017anik dodatkowej zdolno\u015b\u0107 wytwarzania energii ze \u017ar\u00f3de\u0142 odnawialnych powinien wynie\u015b\u0107 co najmniej 1200 MW.<br \/>\nProgram w nowej ods\u0142onie nadal adresowany b\u0119dzie do os\u00f3b fizycznych maj\u0105cych zawart\u0105 umow\u0119 kompleksow\u0105 lub umowy sprzeda\u017cy z Operatorem Sieci Dystrybucyjnej (OSD), ale obecnie \u2013 poza dofinansowaniem do mikroinstalacji fotowoltaicznej \u2013 b\u0119dzie mo\u017cna r\u00f3wnie\u017c uzyska\u0107 dofinansowanie do nowych komponent\u00f3w, sprzyjaj\u0105cych upowszechnianiu w kraju bezpiecznej i efektywnej energetyki rozproszonej.<\/p>\n<p><a href=\"https:\/\/elektrosystemy.pl\/wp-content\/uploads\/aktualnosci-fotowoltaika\/2022\/03\/31\/rusza-czwarta-edycja-programu-moj-prad\/MojPrad4_1.jpg\"><img loading=\"lazy\" class=\"alignnone wp-image-36691 size-full\" src=\"https:\/\/elektrosystemy.pl\/wp-content\/uploads\/aktualnosci-fotowoltaika\/2022\/03\/31\/rusza-czwarta-edycja-programu-moj-prad\/MojPrad4_1.jpg\" alt=\"\" width=\"1000\" height=\"563\" srcset=\"https:\/\/elektrosystemy.pl\/wp-content\/uploads\/aktualnosci-fotowoltaika\/2022\/03\/31\/rusza-czwarta-edycja-programu-moj-prad\/MojPrad4_1.jpg 1000w, https:\/\/elektrosystemy.pl\/wp-content\/uploads\/aktualnosci-fotowoltaika\/2022\/03\/31\/rusza-czwarta-edycja-programu-moj-prad\/MojPrad4_1-300x169.jpg 300w, https:\/\/elektrosystemy.pl\/wp-content\/uploads\/aktualnosci-fotowoltaika\/2022\/03\/31\/rusza-czwarta-edycja-programu-moj-prad\/MojPrad4_1-768x432.jpg 768w, https:\/\/elektrosystemy.pl\/wp-content\/uploads\/aktualnosci-fotowoltaika\/2022\/03\/31\/rusza-czwarta-edycja-programu-moj-prad\/MojPrad4_1-600x338.jpg 600w\" sizes=\"(max-width: 1000px) 100vw, 1000px\" \/><\/a><\/p>\n<p><strong>Dotacja tak\u017ce dla magazyn\u00f3w energii<\/strong><\/p>\n<p>Wsparcie w formie bezzwrotnej dotacji obejmie urz\u0105dzenia do magazynowania energii elektrycznej oraz ciep\u0142a bezpo\u015brednio u prosumenta, dzi\u0119ki kt\u00f3rym sie\u0107 elektroenergetyczna przestanie by\u0107 \u201ewirtualnym magazynem energii\u201d. Dodatkowo b\u0119dzie mo\u017cna uzyska\u0107 dofinansowanie do urz\u0105dze\u0144 umo\u017cliwiaj\u0105cych racjonalne zarz\u0105dzanie wytworzon\u0105 energi\u0105 elektryczn\u0105. Reasumuj\u0105c, do dofinansowania z NFO\u015aiGW kwalifikowane b\u0119d\u0105 nast\u0119puj\u0105ce koszty: zakup, transport i monta\u017c mikroinstalacji fotowoltaicznych (panele z niezb\u0119dnym oprzyrz\u0105dowaniem) oraz zakup, transport i monta\u017c urz\u0105dze\u0144 s\u0142u\u017c\u0105cych magazynowaniu energii elektrycznej\/ciep\u0142a i\/lub zarz\u0105dzania wytworzon\u0105 energi\u0105.<\/p>\n<p>Program priorytetowy o pe\u0142nej nazwie \u201eM\u00f3j Pr\u0105d\u201d Cz\u0119\u015b\u0107 1) Program M\u00f3j Pr\u0105d na lata 2021-2023 b\u0119dzie finansowany ze \u015brodk\u00f3w Programu Operacyjnego Infrastruktura i \u015arodowisko 2014-2020 (POIi\u015a 2014-2020) Dzia\u0142anie 11.1 Program M\u00f3j Pr\u0105d. \u015arodki pochodz\u0105 z instrumentu REACT-UE (<em>Wsparcie na rzecz odbudowy s\u0142u\u017c\u0105cej sp\u00f3jno\u015bci oraz terytoriom Europy<\/em> \u2013 dodatkowe \u015brodki dla program\u00f3w polityki sp\u00f3jno\u015bci na przeciwdzia\u0142anie skutkom kryzysu wywo\u0142anego pandemi\u0105 Covid-19).<\/p>\n<p>&nbsp;<\/p>\n<p><strong>Bud\u017cet: 350 mln z\u0142<\/strong><\/p>\n<p>Bud\u017cet na realizacj\u0119 czwartej edycji programu \u201eM\u00f3j Pr\u0105d\u201d ma wynie\u015b\u0107 oko\u0142o 350 mln z\u0142. Po pierwszej fazie wdro\u017ceniowej nast\u0105pi weryfikacja oczekiwa\u0144 rynku \u2013 po to, aby reagowa\u0107 proporcjonalnie do potrzeb i dost\u0119pnej alokacji \u015brodk\u00f3w. Nab\u00f3r b\u0119dzie prowadzony przez NFO\u015aiGW od 15 kwietnia br. do wyczerpania przygotowanej puli pieni\u0119dzy. Okres kwalifikowalno\u015bci koszt\u00f3w liczony ma by\u0107 od 1 lutego 2020 r. O dofinansowanie nowych, dodatkowych komponent\u00f3w (magazyn\u00f3w energii\/ciep\u0142a i system\u00f3w zarz\u0105dzania energi\u0105) b\u0119d\u0105 mogli ubiega\u0107 si\u0119 r\u00f3wnie\u017c dotychczasowi beneficjenci, kt\u00f3rzy skorzystali z dotacji we wcze\u015bniejszych ods\u0142onach programu.<\/p>\n<p><strong>Net-billing: nowy system rozlicze\u0144 dla prosument\u00f3w <\/strong><\/p>\n<p>Czwarta edycja programu \u201eM\u00f3j Pr\u0105d\u201d b\u0119dzie przeznaczona dla os\u00f3b fizycznych, kt\u00f3rych mikroinstalacja fotowoltaiczna zostanie pod\u0142\u0105czona do nowego systemu rozlicze\u0144 net-billing, a tak\u017ce dla prosument\u00f3w w dotychczasowym systemie opust\u00f3w (tzw. net metering) \u2013 jednak pod warunkiem przej\u015bcia na nowy system rozlicze\u0144, potwierdzonego przez OSD. Na czym polega nowy system net-billing? To rozwi\u0105zanie oparte na warto\u015bciowym rozliczeniu energii wyprodukowanej przez prosumenta w oparciu o warto\u015b\u0107 energii ustalon\u0105 docelowo wed\u0142ug ceny z Rynku Dnia Nast\u0119pnego (RDN).<\/p>\n<p><img loading=\"lazy\" class=\"alignnone size-full wp-image-36692\" src=\"https:\/\/elektrosystemy.pl\/wp-content\/uploads\/aktualnosci-fotowoltaika\/2022\/03\/31\/rusza-czwarta-edycja-programu-moj-prad\/MojPrad4_2.jpg\" alt=\"\" width=\"1000\" height=\"563\" srcset=\"https:\/\/elektrosystemy.pl\/wp-content\/uploads\/aktualnosci-fotowoltaika\/2022\/03\/31\/rusza-czwarta-edycja-programu-moj-prad\/MojPrad4_2.jpg 1000w, https:\/\/elektrosystemy.pl\/wp-content\/uploads\/aktualnosci-fotowoltaika\/2022\/03\/31\/rusza-czwarta-edycja-programu-moj-prad\/MojPrad4_2-300x169.jpg 300w, https:\/\/elektrosystemy.pl\/wp-content\/uploads\/aktualnosci-fotowoltaika\/2022\/03\/31\/rusza-czwarta-edycja-programu-moj-prad\/MojPrad4_2-768x432.jpg 768w, https:\/\/elektrosystemy.pl\/wp-content\/uploads\/aktualnosci-fotowoltaika\/2022\/03\/31\/rusza-czwarta-edycja-programu-moj-prad\/MojPrad4_2-600x338.jpg 600w\" sizes=\"(max-width: 1000px) 100vw, 1000px\" \/><\/p>\n<p>Program ma na celu promowanie nowego systemu rozliczania si\u0119 prosument\u00f3w, czyli net-billingu. Dlatego te\u017c nab\u00f3r wniosk\u00f3w rozpocznie si\u0119 15 kwietnia 2022 r., aby umo\u017cliwi\u0107 wdro\u017cenie nowego systemu rozlicze\u0144 r\u00f3wnie\u017c w okresie przej\u015bciowym. Dodatkowo finasowaniem zostan\u0105 obj\u0119ci wnioskodawcy, kt\u00f3rzy z w\u0142asnej inicjatywy postanowi\u0105 z ju\u017c funkcjonuj\u0105c\u0105 fotowoltaik\u0105 przej\u015b\u0107 na system rozliczania net-billing. Nowy system ma motywowa\u0107 do zwi\u0119kszania konsumpcji energii wyprodukowanej przez prosumenta i magazynowania jej nadwy\u017cek. Wprowadzenie net-billingu, kt\u00f3ry jest zgodny z prawnymi uregulowaniami Unii Europejskiej, zapewni dalszy rozw\u00f3j energetyki obywatelskiej w Polsce i jednocze\u015bnie poprawi bezpiecze\u0144stwo pracy sieci elektroenergetycznych oraz ugruntuje proces samowystarczalno\u015bci energetycznej polskich gospodarstw domowych.<\/p>\n<p>Dotychczasowi prosumenci, jak r\u00f3wnie\u017c ci, kt\u00f3rzy do 31 marca 2022 r. z\u0142o\u017c\u0105 kompletne i poprawne zg\u0142oszenie do Operatora Sieci Dystrybucyjnej o przy\u0142\u0105czenie mikroinstalacji do sieci, pozostan\u0105 w systemie opust\u00f3w. B\u0119d\u0105 mogli z niego korzysta\u0107 przez kolejne 15 lat.<\/p>\n<p><a href=\"https:\/\/elektrosystemy.pl\/wp-content\/uploads\/aktualnosci-fotowoltaika\/2022\/03\/31\/rusza-czwarta-edycja-programu-moj-prad\/MojPrad4_3.jpg\"><img loading=\"lazy\" class=\"alignnone wp-image-36693 size-full\" src=\"https:\/\/elektrosystemy.pl\/wp-content\/uploads\/aktualnosci-fotowoltaika\/2022\/03\/31\/rusza-czwarta-edycja-programu-moj-prad\/MojPrad4_3.jpg\" alt=\"\" width=\"1000\" height=\"563\" srcset=\"https:\/\/elektrosystemy.pl\/wp-content\/uploads\/aktualnosci-fotowoltaika\/2022\/03\/31\/rusza-czwarta-edycja-programu-moj-prad\/MojPrad4_3.jpg 1000w, https:\/\/elektrosystemy.pl\/wp-content\/uploads\/aktualnosci-fotowoltaika\/2022\/03\/31\/rusza-czwarta-edycja-programu-moj-prad\/MojPrad4_3-300x169.jpg 300w, https:\/\/elektrosystemy.pl\/wp-content\/uploads\/aktualnosci-fotowoltaika\/2022\/03\/31\/rusza-czwarta-edycja-programu-moj-prad\/MojPrad4_3-768x432.jpg 768w, https:\/\/elektrosystemy.pl\/wp-content\/uploads\/aktualnosci-fotowoltaika\/2022\/03\/31\/rusza-czwarta-edycja-programu-moj-prad\/MojPrad4_3-600x338.jpg 600w\" sizes=\"(max-width: 1000px) 100vw, 1000px\" \/><\/a><\/p>\n<p><strong>\u201eM\u00f3j Pr\u0105d\u201d \u2013 kluczowy element wsparcia OZE <\/strong><\/p>\n<p>Tak jak w poprzednich edycjach programu \u201eM\u00f3j Pr\u0105d\u201d, mo\u017cliwe b\u0119dzie po\u0142\u0105czenie dofinasowania z ulg\u0105 termomodernizacyjn\u0105, o ile koszty przedstawione do rozliczenia zostan\u0105 pomniejszone o kwot\u0119 przyznanej dotacji z NFO\u015aiGW. Wysoko\u015b\u0107 ulgi b\u0119dzie zale\u017ca\u0142a od zakresu rzeczowego inwestycji. W przypadku wcze\u015bniejszego skorzystania z ulgi termomodernizacyjnej, prosument powinien doliczy\u0107 dofinansowanie do podstawy opodatkowania za 2022 r. w zeznaniu podatkowym sk\u0142adanym w przysz\u0142ym roku.<\/p>\n<p>Dokumentacja programu b\u0119dzie dost\u0119pna od 1 kwietnia br. na stronie internetowej mojprad.gov.pl oraz na witrynie NFO\u015aiGW.<\/p>\n","protected":false},"excerpt":{"rendered":"<p>Narodowy Fundusz Ochrony \u015arodowiska i Gospodarki Wodnej 15 kwietnia br. uruchomi czwarty ju\u017c nab\u00f3r wniosk\u00f3w dla os\u00f3b fizycznych w programie \u201eM\u00f3j Pr\u0105d\u201d. Wsparcie dotyczy\u0107 b\u0119dzie nie tylko domowych mikroinstalacji fotowoltaicznych (PV), ale tak\u017ce magazyn\u00f3w energii i ciep\u0142a, kt\u00f3re zwi\u0119kszaj\u0105 autokonsumpcj\u0119 energii elektrycznej wytworzonej z w\u0142asnych paneli PV. Dotacj\u0119 b\u0119dzie mo\u017cna tak\u017ce uzyska\u0107 na zintegrowane z&hellip;<\/p>\n","protected":false},"author":3,"featured_media":34696,"comment_status":"closed","ping_status":"closed","sticky":false,"template":"","format":"standard","meta":[],"categories":[318,827],"tags":[665],"_links":{"self":[{"href":"https:\/\/elektrosystemy.pl\/index.php?rest_route=\/wp\/v2\/posts\/36690"}],"collection":[{"href":"https:\/\/elektrosystemy.pl\/index.php?rest_route=\/wp\/v2\/posts"}],"about":[{"href":"https:\/\/elektrosystemy.pl\/index.php?rest_route=\/wp\/v2\/types\/post"}],"author":[{"embeddable":true,"href":"https:\/\/elektrosystemy.pl\/index.php?rest_route=\/wp\/v2\/users\/3"}],"replies":[{"embeddable":true,"href":"https:\/\/elektrosystemy.pl\/index.php?rest_route=%2Fwp%2Fv2%2Fcomments&post=36690"}],"version-history":[{"count":2,"href":"https:\/\/elektrosystemy.pl\/index.php?rest_route=\/wp\/v2\/posts\/36690\/revisions"}],"predecessor-version":[{"id":36695,"href":"https:\/\/elektrosystemy.pl\/index.php?rest_route=\/wp\/v2\/posts\/36690\/revisions\/36695"}],"wp:featuredmedia":[{"embeddable":true,"href":"https:\/\/elektrosystemy.pl\/index.php?rest_route=\/wp\/v2\/media\/34696"}],"wp:attachment":[{"href":"https:\/\/elektrosystemy.pl\/index.php?rest_route=%2Fwp%2Fv2%2Fmedia&parent=36690"}],"wp:term":[{"taxonomy":"category","embeddable":true,"href":"https:\/\/elektrosystemy.pl\/index.php?rest_route=%2Fwp%2Fv2%2Fcategories&post=36690"},{"taxonomy":"post_tag","embeddable":true,"href":"https:\/\/elektrosystemy.pl\/index.php?rest_route=%2Fwp%2Fv2%2Ftags&post=36690"}],"curies":[{"name":"wp","href":"https:\/\/api.w.org\/{rel}","templated":true}]}}