{"id":36702,"date":"2022-04-04T12:37:22","date_gmt":"2022-04-04T10:37:22","guid":{"rendered":"https:\/\/elektrosystemy.pl\/?p=36702"},"modified":"2022-04-05T12:49:57","modified_gmt":"2022-04-05T10:49:57","slug":"12-mld-zl-przychodow-grodna-w-roku-obrotowym-2021-22","status":"publish","type":"post","link":"https:\/\/elektrosystemy.pl\/?p=36702","title":{"rendered":"1,2 mld z\u0142 przychod\u00f3w Grodna w roku obrotowym 2021\/22"},"content":{"rendered":"<p><strong>Zgodnie z najnowszymi szacunkami, w marcu skonsolidowane przychody Grodno SA wynios\u0142y 147,5 mln z\u0142, co oznacza wzrost o 71% rdr i najlepszy sprzeda\u017cowo miesi\u0105c w historii firmy. W ca\u0142ym roku obrotowym 2021\/22 obroty sp\u00f3\u0142ki osi\u0105gn\u0119\u0142y 1,2 mld z\u0142, rosn\u0105c o 68% rdr.<\/strong><\/p>\n<p>Najlepszy dot\u0105d miesi\u0119czny wynik sprzeda\u017cowy Grodno zawdzi\u0119cza przede wszystkim wysokiej sprzeda\u017cy w segmentach OZE oraz kabli i przewod\u00f3w. Podobnie, jak w poprzednich okresach, sp\u00f3\u0142ka odnotowa\u0142a wzrost w ka\u017cdym obszarze swojego biznesu.<\/p>\n<p>&#8211; <em>Marzec by\u0142 rewelacyjny pod k\u0105tem przychod\u00f3w, na co z\u0142o\u017cy\u0142o si\u0119 wiele czynnik\u00f3w, m. in. wci\u0105\u017c dobra koniunktura w budownictwie, czy mini boom na mikroinstalacje fotowoltaiczne zwi\u0105zany z kwietniowymi zmianami w systemie rozlicze\u0144. Zgodnie z naszymi za\u0142o\u017ceniami strategicznymi, obecnie notujemy te\u017c bardzo du\u017cy wzrost w komercyjnych instalacjach fotowoltaicznych, kt\u00f3ry powinien utrzyma\u0107 si\u0119 w d\u0142u\u017cszym terminie<\/em> \u2013 powiedzia\u0142 Andrzej Jurczak, prezes zarz\u0105du Grodno S.A.<\/p>\n<p>Przychody Grodna za ostatnie dwana\u015bcie miesi\u0119cy z\u0142o\u017cy\u0142y si\u0119 na rekordowe 1,2 mld z\u0142 w ca\u0142ym roku obrotowym 2021\/22. Sp\u00f3\u0142ka utrzyma\u0142a tym samym wieloletni\u0105 tendencj\u0119 wzrostow\u0105, po raz kolejny wyprzedzaj\u0105c rynek i rosn\u0105c najszybciej w swojej historii.<\/p>\n<p>&#8211; <em>Pocz\u0105tkowo za\u0142o\u017cyli\u015bmy przekroczenie miliarda przychod\u00f3w w nieco dalszej perspektywie, ale ju\u017c dzi\u015b jeste\u015bmy na tym poziomie. W ostatnich dw\u00f3ch latach doskonale wykorzystali\u015bmy sprzyjaj\u0105ce warunki rynkowe do umocnienia pozycji i zwi\u0119kszenia skali. Skala ta zdecydowanie pomaga nam obecnie, przy os\u0142abionych \u0142a\u0144cuchach dostaw i ograniczonym dost\u0119pie do niekt\u00f3rych towar\u00f3w. Przek\u0142ada si\u0119 na du\u017c\u0105 si\u0142\u0119 zakupow\u0105 i u\u0142atwia dalszy szybki rozw\u00f3j<\/em> \u2013 doda\u0142 Prezes Andrzej Jurczak.<\/p>\n<p><a href=\"https:\/\/elektrosystemy.pl\/wp-content\/uploads\/uncategorized\/2022\/04\/05\/12-mld-zl-przychodow-grodna-w-roku-obrotowym-2021-22\/Grodno_wykres_hdhd7d.jpg\"><img loading=\"lazy\" class=\"alignnone wp-image-36703 size-full\" src=\"https:\/\/elektrosystemy.pl\/wp-content\/uploads\/uncategorized\/2022\/04\/05\/12-mld-zl-przychodow-grodna-w-roku-obrotowym-2021-22\/Grodno_wykres_hdhd7d.jpg\" alt=\"\" width=\"925\" height=\"605\" srcset=\"https:\/\/elektrosystemy.pl\/wp-content\/uploads\/uncategorized\/2022\/04\/05\/12-mld-zl-przychodow-grodna-w-roku-obrotowym-2021-22\/Grodno_wykres_hdhd7d.jpg 925w, https:\/\/elektrosystemy.pl\/wp-content\/uploads\/uncategorized\/2022\/04\/05\/12-mld-zl-przychodow-grodna-w-roku-obrotowym-2021-22\/Grodno_wykres_hdhd7d-300x196.jpg 300w, https:\/\/elektrosystemy.pl\/wp-content\/uploads\/uncategorized\/2022\/04\/05\/12-mld-zl-przychodow-grodna-w-roku-obrotowym-2021-22\/Grodno_wykres_hdhd7d-768x502.jpg 768w, https:\/\/elektrosystemy.pl\/wp-content\/uploads\/uncategorized\/2022\/04\/05\/12-mld-zl-przychodow-grodna-w-roku-obrotowym-2021-22\/Grodno_wykres_hdhd7d-600x392.jpg 600w\" sizes=\"(max-width: 925px) 100vw, 925px\" \/><\/a><\/p>\n<p><strong>Wy\u017csze zyski<\/strong><\/p>\n<p>Wy\u017cszej sprzeda\u017cy Grodna w ostatnich okresach raportowych towarzyszy\u0142 skokowy wzrost wynik\u00f3w. W zamkni\u0119tych w grudniu trzech kwarta\u0142ach 2021\/22 sp\u00f3\u0142ka odnotowa\u0142a 32,6 mln z\u0142 zysku netto, czyli blisko trzykrotnie wi\u0119cej wobec analogicznego okresu rok wcze\u015bniej. Rekordowe 13,3 mln z\u0142 wyniku netto w pojedynczym III kwartale oznacza\u0142o a\u017c czterokrotny wzrost rdr. Zarz\u0105d oczekuje utrzymania podobnej tendencji r\u00f3wnie\u017c w zako\u0144czonym w marcu IV kwartale i ca\u0142ym roku obrotowym.<\/p>\n<p>&#8211; <em>Zwi\u0119kszamy przychody, ale przede wszystkim jeszcze szybciej rosn\u0105 nasze wyniki, co korzystnie wp\u0142ywa na rentowno\u015b\u0107. Sytuacja ta potwierdza s\u0142uszno\u015b\u0107 przyj\u0119tej strategii skupionej na rozwoju w atrakcyjnych biznesowo obszarach rynku elektrotechnicznego.<br \/>\nW perspektywie ostatniego kwarta\u0142u i ca\u0142ego roku spodziewamy si\u0119 kolejnych bardzo dobrych wynik\u00f3w. Na ten moment jest za wcze\u015bnie by szacowa\u0107 konkretne warto\u015bci, ale niezmiennie celujemy w rentowno\u015b\u0107 ponad 5% EBITDA i kolejne rekordy<\/em> \u2013 stwierdzi\u0142 prezes Jurczak.<\/p>\n<p>W roku obrotowym 2022\/23 Grodno planuje utrzymanie wysokiego tempa rozwoju w oparciu o perspektywiczne obszary rynku OZE i uczestnictwo w zachodz\u0105cej rewolucji energetycznej, wspieranej dodatkowo publicznymi programami.<\/p>\n<p>&#8211; <em>W fotowoltaice oczekujemy dalszego wzrostu &#8211; w zakresie instalacji wielkoskalowych, komercyjnych, ale i wci\u0105\u017c przydomowych, zasilanych Moim Pr\u0105dem 4.0. Olbrzymi potencja\u0142 maj\u0105 te\u017c pompy ciep\u0142a wspierane programem Moje Ciep\u0142o. Generalnie, dostrzegamy bardzo du\u017ce perspektywy biznesowe dla ka\u017cdego obszaru naszej dzia\u0142alno\u015bci. Popyt na rozwi\u0105zania<br \/>\ni us\u0142ugi w zakresie nowoczesnej energetyki na pewno pozostanie wysoki. W obecnych okoliczno\u015bciach to ju\u017c nie tylko kwestia czystej energii, ale i bezpiecze\u0144stwa energetycznego<\/em> \u2013 podsumowa\u0142 Andrzej Jurczak.<\/p>\n<p>Rok obrotowy Grodno SA obejmuje okres od 1 kwietnia do 31 marca.<\/p>\n","protected":false},"excerpt":{"rendered":"<p>Zgodnie z najnowszymi szacunkami, w marcu skonsolidowane przychody Grodno SA wynios\u0142y 147,5 mln z\u0142, co oznacza wzrost o 71% rdr i najlepszy sprzeda\u017cowo miesi\u0105c w historii firmy. W ca\u0142ym roku obrotowym 2021\/22 obroty sp\u00f3\u0142ki osi\u0105gn\u0119\u0142y 1,2 mld z\u0142, rosn\u0105c o 68% rdr. Najlepszy dot\u0105d miesi\u0119czny wynik sprzeda\u017cowy Grodno zawdzi\u0119cza przede wszystkim wysokiej sprzeda\u017cy w segmentach&hellip;<\/p>\n","protected":false},"author":3,"featured_media":25719,"comment_status":"closed","ping_status":"closed","sticky":false,"template":"","format":"standard","meta":[],"categories":[318,619,323],"tags":[636],"_links":{"self":[{"href":"https:\/\/elektrosystemy.pl\/index.php?rest_route=\/wp\/v2\/posts\/36702"}],"collection":[{"href":"https:\/\/elektrosystemy.pl\/index.php?rest_route=\/wp\/v2\/posts"}],"about":[{"href":"https:\/\/elektrosystemy.pl\/index.php?rest_route=\/wp\/v2\/types\/post"}],"author":[{"embeddable":true,"href":"https:\/\/elektrosystemy.pl\/index.php?rest_route=\/wp\/v2\/users\/3"}],"replies":[{"embeddable":true,"href":"https:\/\/elektrosystemy.pl\/index.php?rest_route=%2Fwp%2Fv2%2Fcomments&post=36702"}],"version-history":[{"count":2,"href":"https:\/\/elektrosystemy.pl\/index.php?rest_route=\/wp\/v2\/posts\/36702\/revisions"}],"predecessor-version":[{"id":36705,"href":"https:\/\/elektrosystemy.pl\/index.php?rest_route=\/wp\/v2\/posts\/36702\/revisions\/36705"}],"wp:featuredmedia":[{"embeddable":true,"href":"https:\/\/elektrosystemy.pl\/index.php?rest_route=\/wp\/v2\/media\/25719"}],"wp:attachment":[{"href":"https:\/\/elektrosystemy.pl\/index.php?rest_route=%2Fwp%2Fv2%2Fmedia&parent=36702"}],"wp:term":[{"taxonomy":"category","embeddable":true,"href":"https:\/\/elektrosystemy.pl\/index.php?rest_route=%2Fwp%2Fv2%2Fcategories&post=36702"},{"taxonomy":"post_tag","embeddable":true,"href":"https:\/\/elektrosystemy.pl\/index.php?rest_route=%2Fwp%2Fv2%2Ftags&post=36702"}],"curies":[{"name":"wp","href":"https:\/\/api.w.org\/{rel}","templated":true}]}}