{"id":36842,"date":"2022-05-27T12:50:29","date_gmt":"2022-05-27T10:50:29","guid":{"rendered":"https:\/\/elektrosystemy.pl\/?p=36842"},"modified":"2022-05-27T12:50:29","modified_gmt":"2022-05-27T10:50:29","slug":"wzrost-przychodow-i-liczby-klientow-tim","status":"publish","type":"post","link":"https:\/\/elektrosystemy.pl\/?p=36842","title":{"rendered":"Wzrost przychod\u00f3w i liczby klient\u00f3w TIM"},"content":{"rendered":"<p><strong>Grupa TIM odnotowa\u0142a w ci\u0105gu trzech pierwszych miesi\u0119cy 2022 roku przychody w wysoko\u015bci 410 mln z\u0142, co oznacza wzrost rok do roku o 49,4%. Zysk netto w tym okresie wyni\u00f3s\u0142 31,2 mln z\u0142 wobec 13,5 mln z\u0142 rok wcze\u015bniej (+131,9%). Niepewno\u015b\u0107 wywo\u0142ana przez wybuch wojny w Ukrainie znacznie zwi\u0119kszy\u0142a sprzeda\u017c w marcu tego roku.<\/strong><\/p>\n<p>Jednostkowe przychody ze sprzeda\u017cy TIM SA osi\u0105gn\u0119\u0142y w I kwartale 2022 r. poziom 393,2 mln z\u0142, tj. o 52,2% wy\u017cszy ni\u017c rok wcze\u015bniej.<br \/>\n&#8211; <em>Do tego, \u017ce nasze miesi\u0119czne przychody przekraczaj\u0105 100 milion\u00f3w z\u0142otych zd\u0105\u017cyli\u015bmy si\u0119 ju\u017c przyzwyczai\u0107. Marzec 2022 r. przyni\u00f3s\u0142 przebicie \u2013 i to znaczne \u2013 poziomu 150 milion\u00f3w z\u0142otych (175,5 mln z\u0142, +64,8% rdr.). Pierwsze tygodnie po 24 lutego przebieg\u0142y pod znakiem niepewno\u015bci klient\u00f3w w zakresie dost\u0119pno\u015bci produkt\u00f3w oraz ryzyka kolejnych wzrost\u00f3w cen, co prze\u0142o\u017cy\u0142o si\u0119 na zwi\u0119kszony popyt i zaowocowa\u0142o anomali\u0105, jak\u0105 zaobserwowali\u015bmy w marcowych przychodach TIM-u ze sprzeda\u017cy <\/em>\u2013 m\u00f3wi Krzysztof Folta, prezes Zarz\u0105du TIM SA.<\/p>\n<p><strong>Zmiana w strukturze sprzeda\u017cy<\/strong><\/p>\n<p>&#8211; <em>W pierwszym kwartale 2022 roku liczba nowych klient\u00f3w, kt\u00f3rzy za\u0142o\u017cyli konta na TIM.PL, przekroczy\u0142a 7,5 tysi\u0105ca. To o 40% wi\u0119cej ni\u017c w analogicznym kwartale 2021 roku i o 14% wi\u0119cej ni\u017c w ostatnim kwartale 2021 roku. Liczba klient\u00f3w, kt\u00f3rzy dokonali zakup\u00f3w w pierwszym kwartale bie\u017c\u0105cego roku, wynios\u0142a ponad 31 tysi\u0119cy wobec 20 tysi\u0119cy rok wcze\u015bniej<\/em> \u2013 wylicza Piotr Nosal, cz\u0142onek zarz\u0105du i dyrektor handlowy TIM SA.<br \/>\nWi\u0119ksza liczba klient\u00f3w, szczeg\u00f3lnie ma\u0142ych i \u015brednich przedsi\u0119biorstw, zwi\u0119ksza bezpiecze\u0144stwo i stabilizacj\u0119 sprzeda\u017cy. To efekt mi\u0119dzy innymi wieloletnich dzia\u0142a\u0144 TIM-u na rzecz zmiany struktury sprzeda\u017cy i zwi\u0119kszania udzia\u0142u innych grup klient\u00f3w ni\u017c resellerzy.<br \/>\n&#8211; <em>Zmiana naszej struktury sprzeda\u017cy w pierwszym kwartale 2022 roku i zwi\u0119kszenie udzia\u0142u klient\u00f3w z segmentu \u201eInstalator\u201d jest te\u017c po cz\u0119\u015bci skutkiem podej\u015bcia firm wykonawczych do niestabilno\u015bci rynku oraz rosn\u0105cej inflacji<\/em> \u2013 wyja\u015bnia Piotr Nosal.<\/p>\n<p><strong>Zyski, dywidenda TIM, inwestycje 3LP<\/strong><\/p>\n<p>Zysk netto Grupy TIM po I kw. 2022 r. wyni\u00f3s\u0142 31,2 mln z\u0142 wobec 13,5 mln z\u0142 rok wcze\u015bniej (+131,9%). Skonsolidowana EBITDA wzros\u0142a rok do roku o 91,6% &#8211; do niemal 47,3 mln z\u0142. W I kw. 2022 r. Grupa TIM odnotowa\u0142a dodatnie przep\u0142ywy finansowe w wysoko\u015bci 28,9 mln z\u0142 wobec 9 mln z\u0142 w I kw. 2021 r.<br \/>\n&#8211; <em>Nasze parametry finansowe s\u0105 na znakomitym poziomie, st\u0105d rekomendacja zarz\u0105du TIM w zakresie dywidendy za rok 2021. Proponujemy, by do 1,20 z\u0142 brutto na akcj\u0119, wyp\u0142aconych pod koniec 2021 roku, latem 2022 roku do\u0142o\u017cy\u0107 kolejne 1,20 z\u0142 brutto na akcj\u0119. Jest to zgodne z polityk\u0105 dywidendow\u0105, kt\u00f3r\u0105 zaprezentowali\u015bmy wiosn\u0105 2021 roku <\/em>\u2013 zapowiada Piotr Tokarczuk, cz\u0142onek zarz\u0105du i dyrektor finansowy TIM SA.<\/p>\n<p>Ju\u017c po zako\u0144czeniu I kw. 2022 r., bo na pocz\u0105tku maja, zarz\u0105d logistycznej sp\u00f3\u0142ki 3LP podj\u0105\u0142 decyzj\u0119 o zawieszeniu oferty sprzeda\u017cy akcji sp\u00f3\u0142ki bez jednoczesnego ustalania nowego harmonogramu oferty.<br \/>\n&#8211; <em>Oczekujemy na stabilizacj\u0119 sytuacji rynkowej, kt\u00f3ra pozwoli nam wr\u00f3ci\u0107 do realizacji plan\u00f3w w zakresie IPO. Pragn\u0119 jednocze\u015bnie podkre\u015bli\u0107, \u017ce zawieszenie oferty publicznej pozostaje bez wp\u0142ywu na ambitne plany inwestycyjne 3LP na najbli\u017csze lata. Mamy zagwarantowane \u015brodki na ich realizacj\u0119<\/em> \u2013 deklaruje Piotr Tokarczuk, sprawuj\u0105cy tak\u017ce funkcj\u0119 cz\u0142onka Rady Nadzorczej 3LP SA.<\/p>\n<p><strong>Nowa strategia<\/strong><\/p>\n<p>W minionym tygodniu sp\u00f3\u0142ka TIM SA zaprezentowa\u0142a now\u0105 strategi\u0119 rozwoju do roku 2026 nazwan\u0105: \u201eDostarczamy elektrotechnik\u0119 profesjonalistom\u201d. Zak\u0142ada ona osi\u0105gni\u0119cie na poziomie jednostkowym ponad 3 mld z\u0142 przychod\u00f3w oraz EBITDA przekraczaj\u0105cej 250 mln z\u0142. Nowa strategia opiera si\u0119 na dalszym rozwoju platformy e-commerce B2B ze szczeg\u00f3lnym uwzgl\u0119dnieniem oczekiwa\u0144 profesjonalist\u00f3w z bran\u017cy elektrotechnicznej. Sp\u00f3\u0142ka chce tak\u017ce rozwija\u0107 si\u0119 za granic\u0105 i na 2023 rok planuje wej\u015bcie na rynek niemiecki.<\/p>\n","protected":false},"excerpt":{"rendered":"<p>Grupa TIM odnotowa\u0142a w ci\u0105gu trzech pierwszych miesi\u0119cy 2022 roku przychody w wysoko\u015bci 410 mln z\u0142, co oznacza wzrost rok do roku o 49,4%. Zysk netto w tym okresie wyni\u00f3s\u0142 31,2 mln z\u0142 wobec 13,5 mln z\u0142 rok wcze\u015bniej (+131,9%). Niepewno\u015b\u0107 wywo\u0142ana przez wybuch wojny w Ukrainie znacznie zwi\u0119kszy\u0142a sprzeda\u017c w marcu tego roku. Jednostkowe&hellip;<\/p>\n","protected":false},"author":3,"featured_media":36843,"comment_status":"closed","ping_status":"closed","sticky":false,"template":"","format":"standard","meta":[],"categories":[318,619,323],"tags":[347],"_links":{"self":[{"href":"https:\/\/elektrosystemy.pl\/index.php?rest_route=\/wp\/v2\/posts\/36842"}],"collection":[{"href":"https:\/\/elektrosystemy.pl\/index.php?rest_route=\/wp\/v2\/posts"}],"about":[{"href":"https:\/\/elektrosystemy.pl\/index.php?rest_route=\/wp\/v2\/types\/post"}],"author":[{"embeddable":true,"href":"https:\/\/elektrosystemy.pl\/index.php?rest_route=\/wp\/v2\/users\/3"}],"replies":[{"embeddable":true,"href":"https:\/\/elektrosystemy.pl\/index.php?rest_route=%2Fwp%2Fv2%2Fcomments&post=36842"}],"version-history":[{"count":1,"href":"https:\/\/elektrosystemy.pl\/index.php?rest_route=\/wp\/v2\/posts\/36842\/revisions"}],"predecessor-version":[{"id":36844,"href":"https:\/\/elektrosystemy.pl\/index.php?rest_route=\/wp\/v2\/posts\/36842\/revisions\/36844"}],"wp:featuredmedia":[{"embeddable":true,"href":"https:\/\/elektrosystemy.pl\/index.php?rest_route=\/wp\/v2\/media\/36843"}],"wp:attachment":[{"href":"https:\/\/elektrosystemy.pl\/index.php?rest_route=%2Fwp%2Fv2%2Fmedia&parent=36842"}],"wp:term":[{"taxonomy":"category","embeddable":true,"href":"https:\/\/elektrosystemy.pl\/index.php?rest_route=%2Fwp%2Fv2%2Fcategories&post=36842"},{"taxonomy":"post_tag","embeddable":true,"href":"https:\/\/elektrosystemy.pl\/index.php?rest_route=%2Fwp%2Fv2%2Ftags&post=36842"}],"curies":[{"name":"wp","href":"https:\/\/api.w.org\/{rel}","templated":true}]}}