{"id":36892,"date":"2022-06-20T14:08:51","date_gmt":"2022-06-20T12:08:51","guid":{"rendered":"https:\/\/elektrosystemy.pl\/?p=36892"},"modified":"2022-06-24T10:26:51","modified_gmt":"2022-06-24T08:26:51","slug":"grupa-el-sigma-obchodzi-15-lecie-dzialalnosci-2","status":"publish","type":"post","link":"https:\/\/elektrosystemy.pl\/?p=36892","title":{"rendered":"Grupa EL-SIGMA obchodzi 15-lecie dzia\u0142alno\u015bci"},"content":{"rendered":"<p><strong>6 czerwca br. w siedzibie Narodowej Orkiestry Symfonicznej Polskiego Radia w Katowicach odby\u0142a si\u0119 uroczysta Gala Jubileuszowa z okazji 15-lecia Grupy EL-SIGMA. <\/strong><strong>W tegorocznym spotkaniu uczestniczyli przedstawiciele firm cz\u0142onkowskich, szerokie grono <\/strong><strong>partner\u00f3w biznesowych oraz szereg osobisto\u015bci, jak Tomasz Boruc \u2013 dyrektor zarz\u0105dzaj\u0105cy SHE oraz Tomasz Zjawiony \u2013 prezes RIG Katowice. Patronat nad wydarzeniem obj\u0119\u0142y m.in. Prezydent Miasta Katowice, bran\u017cowy<\/strong><strong> Zwi\u0105zek Pracodawc\u00f3w Dystrybucji Elektrotechniki SHE oraz<\/strong><strong> Regionalna Izba Gospodarcza w Katowicach. <\/strong><\/p>\n<p>Spotkanie prowadzili Aneta Chwalba z Telewizji Polskiej oraz Robert Talarczyk z Teatru \u015al\u0105skiego w Katowicach. Uroczysto\u015b\u0107 otworzy\u0142 prezes zarz\u0105du EL-SIGMA Damian Hegenbarth witaj\u0105c licznie zgromadzonych go\u015bci. W swoim przem\u00f3wieniu zwr\u00f3ci\u0142 uwag\u0119 na najwa\u017cniejsze dokonania organizacji w minionych latach oraz przedstawi\u0142 te elementy, kt\u00f3re mog\u0105 stanowi\u0107 \u017ar\u00f3d\u0142o inspiracji dla os\u00f3b pracuj\u0105cych na rzecz Grupy. W imieniu rady nadzorczej sp\u00f3\u0142ki g\u0142os zabra\u0142 jej przewodnicz\u0105cy Zbigniew Fra\u015b \u2013 jeden z inicjator\u00f3w powstania Grupy EL-SIGMA. Przemawiaj\u0105cy sygnatariusze Grupy, Miros\u0142aw Pietrasiak z firmy Mirex oraz Adam Pasek z firmy Eko, nawi\u0105zali do pocz\u0105tk\u00f3w organizacji oraz otrzymali specjalne podzi\u0119kowania. Okoliczno\u015bciowe mowy mieli okazj\u0119 wyg\u0142osi\u0107 r\u00f3wnie\u017c przedstawiciele wieloletnich i kluczowych partner\u00f3w biznesowych Grupy: Hager Polo, Kanlux, Karlik Elektrotechnik, GTV Poland oraz Ospel. Poza nimi w obchody jubileuszowe szczeg\u00f3lnie zaanga\u017cowani byli d\u0142ugoletni i wa\u017cni kontrahenci handlowi Grupy tj.: Bemko, Eti Polam, Trytyt, Kontakt Simon, Legrand, Pawbol, Noark Electric, Anlux, F&amp;F Filipowski, Emos, Ergom, Kopos Elektro, Led-Pol, Orno Group, Tadpol, Tracon Electric, Wojnarowscy, TT Plast.<\/p>\n<p><a href=\"https:\/\/elektrosystemy.pl\/wp-content\/uploads\/uncategorized\/2022\/06\/20\/grupa-el-sigma-obchodzi-15-lecie-dzialalnosci\/ELSIGMA_DJ7D6GGD_2.jpg\"><img loading=\"lazy\" class=\"alignnone wp-image-36895 size-full\" src=\"https:\/\/elektrosystemy.pl\/wp-content\/uploads\/uncategorized\/2022\/06\/20\/grupa-el-sigma-obchodzi-15-lecie-dzialalnosci\/ELSIGMA_DJ7D6GGD_2.jpg\" alt=\"\" width=\"1000\" height=\"651\" srcset=\"https:\/\/elektrosystemy.pl\/wp-content\/uploads\/uncategorized\/2022\/06\/20\/grupa-el-sigma-obchodzi-15-lecie-dzialalnosci\/ELSIGMA_DJ7D6GGD_2.jpg 1000w, https:\/\/elektrosystemy.pl\/wp-content\/uploads\/uncategorized\/2022\/06\/20\/grupa-el-sigma-obchodzi-15-lecie-dzialalnosci\/ELSIGMA_DJ7D6GGD_2-300x195.jpg 300w, https:\/\/elektrosystemy.pl\/wp-content\/uploads\/uncategorized\/2022\/06\/20\/grupa-el-sigma-obchodzi-15-lecie-dzialalnosci\/ELSIGMA_DJ7D6GGD_2-768x500.jpg 768w, https:\/\/elektrosystemy.pl\/wp-content\/uploads\/uncategorized\/2022\/06\/20\/grupa-el-sigma-obchodzi-15-lecie-dzialalnosci\/ELSIGMA_DJ7D6GGD_2-600x391.jpg 600w\" sizes=\"(max-width: 1000px) 100vw, 1000px\" \/><\/a><\/p>\n<p>Spotkanie by\u0142o okazj\u0105 do podzielenia si\u0119 wra\u017ceniami z dzia\u0142alno\u015bci sp\u00f3\u0142ki, mo\u017cliwo\u015bci\u0105 podsumowa\u0144 oraz nagrodzenia wysi\u0142ku w dzia\u0142aniach na rzecz wsp\u00f3\u0142tworzenia sukcesu ca\u0142ej organizacji. Podczas wieczoru doceniono dokonania szerokiego grona os\u00f3b oraz firm wyr\u00f3\u017cniaj\u0105cych si\u0119 w dzia\u0142aniach na rzecz Grupy EL-SIGMA. Wr\u0119czono tak\u017ce pami\u0105tkowe statuetki wszystkim obecnym firmom cz\u0142onkowskim. Jubileusz u\u015bwietni\u0142 koncert w\u00a0wykonaniu czo\u0142owych muzyk\u00f3w Narodowej Orkiestry Symfonicznej Polskiego Radia. Wiecz\u00f3r zako\u0144czy\u0142 si\u0119 uroczystym bankietem w Walcowni &#8211; Muzeum Hutnictwa Cynku w Katowicach, podczas kt\u00f3rego utrzymano konwencj\u0119 muzyczn\u0105 w nieco odmienionej i niezmiernie dynamicznej aran\u017cacji Orkiestry Dziubek Band.<\/p>\n<p><a href=\"https:\/\/elektrosystemy.pl\/wp-content\/uploads\/uncategorized\/2022\/06\/20\/grupa-el-sigma-obchodzi-15-lecie-dzialalnosci\/ELSIGMA_DJ7D6GGD_3.jpg\"><img loading=\"lazy\" class=\"alignnone wp-image-36896 size-full\" src=\"https:\/\/elektrosystemy.pl\/wp-content\/uploads\/uncategorized\/2022\/06\/20\/grupa-el-sigma-obchodzi-15-lecie-dzialalnosci\/ELSIGMA_DJ7D6GGD_3.jpg\" alt=\"\" width=\"1000\" height=\"646\" srcset=\"https:\/\/elektrosystemy.pl\/wp-content\/uploads\/uncategorized\/2022\/06\/20\/grupa-el-sigma-obchodzi-15-lecie-dzialalnosci\/ELSIGMA_DJ7D6GGD_3.jpg 1000w, https:\/\/elektrosystemy.pl\/wp-content\/uploads\/uncategorized\/2022\/06\/20\/grupa-el-sigma-obchodzi-15-lecie-dzialalnosci\/ELSIGMA_DJ7D6GGD_3-300x194.jpg 300w, https:\/\/elektrosystemy.pl\/wp-content\/uploads\/uncategorized\/2022\/06\/20\/grupa-el-sigma-obchodzi-15-lecie-dzialalnosci\/ELSIGMA_DJ7D6GGD_3-768x496.jpg 768w, https:\/\/elektrosystemy.pl\/wp-content\/uploads\/uncategorized\/2022\/06\/20\/grupa-el-sigma-obchodzi-15-lecie-dzialalnosci\/ELSIGMA_DJ7D6GGD_3-600x388.jpg 600w\" sizes=\"(max-width: 1000px) 100vw, 1000px\" \/><\/a><\/p>\n<p><a href=\"https:\/\/elektrosystemy.pl\/wp-content\/uploads\/uncategorized\/2022\/06\/20\/grupa-el-sigma-obchodzi-15-lecie-dzialalnosci\/ELSIGMA_DJ7D6GGD_4.jpg\"><img loading=\"lazy\" class=\"alignnone wp-image-36897 size-full\" src=\"https:\/\/elektrosystemy.pl\/wp-content\/uploads\/uncategorized\/2022\/06\/20\/grupa-el-sigma-obchodzi-15-lecie-dzialalnosci\/ELSIGMA_DJ7D6GGD_4.jpg\" alt=\"\" width=\"1000\" height=\"632\" srcset=\"https:\/\/elektrosystemy.pl\/wp-content\/uploads\/uncategorized\/2022\/06\/20\/grupa-el-sigma-obchodzi-15-lecie-dzialalnosci\/ELSIGMA_DJ7D6GGD_4.jpg 1000w, https:\/\/elektrosystemy.pl\/wp-content\/uploads\/uncategorized\/2022\/06\/20\/grupa-el-sigma-obchodzi-15-lecie-dzialalnosci\/ELSIGMA_DJ7D6GGD_4-300x190.jpg 300w, https:\/\/elektrosystemy.pl\/wp-content\/uploads\/uncategorized\/2022\/06\/20\/grupa-el-sigma-obchodzi-15-lecie-dzialalnosci\/ELSIGMA_DJ7D6GGD_4-768x485.jpg 768w, https:\/\/elektrosystemy.pl\/wp-content\/uploads\/uncategorized\/2022\/06\/20\/grupa-el-sigma-obchodzi-15-lecie-dzialalnosci\/ELSIGMA_DJ7D6GGD_4-600x379.jpg 600w\" sizes=\"(max-width: 1000px) 100vw, 1000px\" \/><\/a><\/p>\n<p><strong>Grupa EL-SIGMA<\/strong><\/p>\n<p>Grupa EL-SIGMA zosta\u0142a powo\u0142ana kilkana\u015bcie lat temu w celu konsolidacji rynku dystrybucji materia\u0142\u00f3w elektrotechnicznych. Pocz\u0105tkowo w jej sk\u0142ad wchodzi\u0142o osiem firm. Na przestrzeni kolejnych lat dzia\u0142alno\u015bci do\u0142\u0105cza\u0142y kolejne firmy cz\u0142onkowskie. Obecnie sk\u0142ad Grupy liczy ju\u017c 75 podmiot\u00f3w wy\u0142\u0105cznie z polskim kapita\u0142em, kt\u00f3re realizuj\u0105 sprzeda\u017c za po\u015brednictwem niemal 120 punkt\u00f3w handlowych w ca\u0142ym kraju. Organizacja jest jedn\u0105 z pierwszych grup zakupowych zrzeszaj\u0105cych niezale\u017cne hurtownie oraz centra elektryczne i jest aktualnie najliczniejsz\u0105 elektrotechniczn\u0105 organizacj\u0105 zakupow\u0105 w naszym kraju z potencja\u0142em handlowym przekraczaj\u0105cym w ubieg\u0142ym roku ju\u017c 0,75 mld z\u0142.<\/p>\n<p><em>\u0179r\u00f3d\u0142o: materia\u0142y prasowe Grupy EL-SIGMA <a href=\"https:\/\/elektrosystemy.pl\/wp-content\/uploads\/uncategorized\/2022\/06\/20\/grupa-el-sigma-obchodzi-15-lecie-dzialalnosci\/ELSIGMA_DJ7D6GGD_1A.jpg\"><img loading=\"lazy\" class=\"alignnone wp-image-36894 size-full\" src=\"https:\/\/elektrosystemy.pl\/wp-content\/uploads\/uncategorized\/2022\/06\/20\/grupa-el-sigma-obchodzi-15-lecie-dzialalnosci\/ELSIGMA_DJ7D6GGD_1A.jpg\" alt=\"\" width=\"0\" height=\"0\" srcset=\"https:\/\/elektrosystemy.pl\/wp-content\/uploads\/uncategorized\/2022\/06\/20\/grupa-el-sigma-obchodzi-15-lecie-dzialalnosci\/ELSIGMA_DJ7D6GGD_1A.jpg 1000w, https:\/\/elektrosystemy.pl\/wp-content\/uploads\/uncategorized\/2022\/06\/20\/grupa-el-sigma-obchodzi-15-lecie-dzialalnosci\/ELSIGMA_DJ7D6GGD_1A-300x156.jpg 300w, https:\/\/elektrosystemy.pl\/wp-content\/uploads\/uncategorized\/2022\/06\/20\/grupa-el-sigma-obchodzi-15-lecie-dzialalnosci\/ELSIGMA_DJ7D6GGD_1A-768x399.jpg 768w, https:\/\/elektrosystemy.pl\/wp-content\/uploads\/uncategorized\/2022\/06\/20\/grupa-el-sigma-obchodzi-15-lecie-dzialalnosci\/ELSIGMA_DJ7D6GGD_1A-600x312.jpg 600w\" sizes=\"(max-width: 1000px) 100vw, 1000px\" \/><\/a><\/em><\/p>\n","protected":false},"excerpt":{"rendered":"<p>6 czerwca br. w siedzibie Narodowej Orkiestry Symfonicznej Polskiego Radia w Katowicach odby\u0142a si\u0119 uroczysta Gala Jubileuszowa z okazji 15-lecia Grupy EL-SIGMA. W tegorocznym spotkaniu uczestniczyli przedstawiciele firm cz\u0142onkowskich, szerokie grono partner\u00f3w biznesowych oraz szereg osobisto\u015bci, jak Tomasz Boruc \u2013 dyrektor zarz\u0105dzaj\u0105cy SHE oraz Tomasz Zjawiony \u2013 prezes RIG Katowice. Patronat nad wydarzeniem obj\u0119\u0142y m.in.&hellip;<\/p>\n","protected":false},"author":3,"featured_media":36893,"comment_status":"closed","ping_status":"closed","sticky":false,"template":"","format":"standard","meta":[],"categories":[318,320],"tags":[777],"_links":{"self":[{"href":"https:\/\/elektrosystemy.pl\/index.php?rest_route=\/wp\/v2\/posts\/36892"}],"collection":[{"href":"https:\/\/elektrosystemy.pl\/index.php?rest_route=\/wp\/v2\/posts"}],"about":[{"href":"https:\/\/elektrosystemy.pl\/index.php?rest_route=\/wp\/v2\/types\/post"}],"author":[{"embeddable":true,"href":"https:\/\/elektrosystemy.pl\/index.php?rest_route=\/wp\/v2\/users\/3"}],"replies":[{"embeddable":true,"href":"https:\/\/elektrosystemy.pl\/index.php?rest_route=%2Fwp%2Fv2%2Fcomments&post=36892"}],"version-history":[{"count":4,"href":"https:\/\/elektrosystemy.pl\/index.php?rest_route=\/wp\/v2\/posts\/36892\/revisions"}],"predecessor-version":[{"id":36962,"href":"https:\/\/elektrosystemy.pl\/index.php?rest_route=\/wp\/v2\/posts\/36892\/revisions\/36962"}],"wp:featuredmedia":[{"embeddable":true,"href":"https:\/\/elektrosystemy.pl\/index.php?rest_route=\/wp\/v2\/media\/36893"}],"wp:attachment":[{"href":"https:\/\/elektrosystemy.pl\/index.php?rest_route=%2Fwp%2Fv2%2Fmedia&parent=36892"}],"wp:term":[{"taxonomy":"category","embeddable":true,"href":"https:\/\/elektrosystemy.pl\/index.php?rest_route=%2Fwp%2Fv2%2Fcategories&post=36892"},{"taxonomy":"post_tag","embeddable":true,"href":"https:\/\/elektrosystemy.pl\/index.php?rest_route=%2Fwp%2Fv2%2Ftags&post=36892"}],"curies":[{"name":"wp","href":"https:\/\/api.w.org\/{rel}","templated":true}]}}