{"id":36925,"date":"2022-06-22T13:21:46","date_gmt":"2022-06-22T11:21:46","guid":{"rendered":"https:\/\/elektrosystemy.pl\/?p=36925"},"modified":"2022-06-22T13:22:04","modified_gmt":"2022-06-22T11:22:04","slug":"iberdrola-zbuduje-farme-wiatrowa-o-mocy-504-mw","status":"publish","type":"post","link":"https:\/\/elektrosystemy.pl\/?p=36925","title":{"rendered":"Iberdrola zbuduje w Polsce farm\u0119 wiatrow\u0105 o mocy 50,4 MW"},"content":{"rendered":"<p><strong>Iberdrola rozpoczyna w wojew\u00f3dztwie mazowieckim budow\u0119 l\u0105dowej farmy wiatrowej Korytnica II o mocy zainstalowanej 50,4 MW. Elektrownia ma rozpocz\u0105\u0107 dzia\u0142alno\u015b\u0107 w pierwszym kwartale 2023 r.<\/strong><\/p>\n<p>Nowa farma b\u0119dzie wyposa\u017cona w 14 turbin wiatrowych Vestas o mocy 3,6 MW. Wraz z dzia\u0142aj\u0105cymi ju\u017c elektrowniami Zopowy (30MW) na Opolszczy\u017anie oraz Korytnica I (82,5 MW), zwi\u0119kszy ona moc l\u0105dowej energetyki wiatrowej Iberdroli w Polsce do 163 MW.<\/p>\n<p>Jak podano w komunikacie produkcja z farmy wiatrowej Korytnica II b\u0119dzie sprzedawana tak\u017ce w drodze umowy zakupu energii (PPA) z producentem energii odnawialnej Statkraft, wspartej kontraktem na r\u00f3\u017cnice kursowe (CfD), uzyskanym na czwartej aukcji przeprowadzonej w Polsce w czerwcu 2021 r.<\/p>\n","protected":false},"excerpt":{"rendered":"<p>Iberdrola rozpoczyna w wojew\u00f3dztwie mazowieckim budow\u0119 l\u0105dowej farmy wiatrowej Korytnica II o mocy zainstalowanej 50,4 MW. Elektrownia ma rozpocz\u0105\u0107 dzia\u0142alno\u015b\u0107 w pierwszym kwartale 2023 r. Nowa farma b\u0119dzie wyposa\u017cona w 14 turbin wiatrowych Vestas o mocy 3,6 MW. Wraz z dzia\u0142aj\u0105cymi ju\u017c elektrowniami Zopowy (30MW) na Opolszczy\u017anie oraz Korytnica I (82,5 MW), zwi\u0119kszy ona moc&hellip;<\/p>\n","protected":false},"author":3,"featured_media":33436,"comment_status":"closed","ping_status":"closed","sticky":false,"template":"","format":"standard","meta":[],"categories":[850,846],"tags":[386],"_links":{"self":[{"href":"https:\/\/elektrosystemy.pl\/index.php?rest_route=\/wp\/v2\/posts\/36925"}],"collection":[{"href":"https:\/\/elektrosystemy.pl\/index.php?rest_route=\/wp\/v2\/posts"}],"about":[{"href":"https:\/\/elektrosystemy.pl\/index.php?rest_route=\/wp\/v2\/types\/post"}],"author":[{"embeddable":true,"href":"https:\/\/elektrosystemy.pl\/index.php?rest_route=\/wp\/v2\/users\/3"}],"replies":[{"embeddable":true,"href":"https:\/\/elektrosystemy.pl\/index.php?rest_route=%2Fwp%2Fv2%2Fcomments&post=36925"}],"version-history":[{"count":3,"href":"https:\/\/elektrosystemy.pl\/index.php?rest_route=\/wp\/v2\/posts\/36925\/revisions"}],"predecessor-version":[{"id":36928,"href":"https:\/\/elektrosystemy.pl\/index.php?rest_route=\/wp\/v2\/posts\/36925\/revisions\/36928"}],"wp:featuredmedia":[{"embeddable":true,"href":"https:\/\/elektrosystemy.pl\/index.php?rest_route=\/wp\/v2\/media\/33436"}],"wp:attachment":[{"href":"https:\/\/elektrosystemy.pl\/index.php?rest_route=%2Fwp%2Fv2%2Fmedia&parent=36925"}],"wp:term":[{"taxonomy":"category","embeddable":true,"href":"https:\/\/elektrosystemy.pl\/index.php?rest_route=%2Fwp%2Fv2%2Fcategories&post=36925"},{"taxonomy":"post_tag","embeddable":true,"href":"https:\/\/elektrosystemy.pl\/index.php?rest_route=%2Fwp%2Fv2%2Ftags&post=36925"}],"curies":[{"name":"wp","href":"https:\/\/api.w.org\/{rel}","templated":true}]}}