{"id":36976,"date":"2022-07-01T11:04:33","date_gmt":"2022-07-01T09:04:33","guid":{"rendered":"https:\/\/elektrosystemy.pl\/?p=36976"},"modified":"2022-07-01T11:37:38","modified_gmt":"2022-07-01T09:37:38","slug":"zarzad-apatora-powolany-na-kolejna-kadencje","status":"publish","type":"post","link":"https:\/\/elektrosystemy.pl\/?p=36976","title":{"rendered":"Zarz\u0105d Apatora powo\u0142any na kolejn\u0105 kadencj\u0119"},"content":{"rendered":"<p><strong>Rada Nadzorcza Apator SA 29 czerwca 2022 roku ponownie powierzy\u0142a stanowisko prezesa zarz\u0105du sp\u00f3\u0142ki Arkadiuszowi Chmielewskiemu. W ramach kolejnej 3-letniej kadencji do zarz\u0105du powo\u0142ano tak\u017ce Tomasza \u0141\u0105tk\u0119 w funkcji cz\u0142onka zarz\u0105du.<\/strong><\/p>\n<p>Apator poinformowa\u0142, \u017ce rada nadzorcza sp\u00f3\u0142ki powo\u0142a\u0142a z dniem 29 czerwca 2022 roku zarz\u0105d Apatora na now\u0105 wsp\u00f3ln\u0105 3-letni\u0105 kadencj\u0119. Zako\u0144czy si\u0119 ona z dniem odbycia zwyczajnego walnego zgromadzenia Apatora w 2025 roku. W sk\u0142ad zarz\u0105du nowej kadencji weszli Arkadiusz Chmielewski &#8211; prezes zarz\u0105du, dyrektor ds. rozwoju biznesu grupy Apator i Tomasz \u0141\u0105tka &#8211; cz\u0142onek zarz\u0105du, dyrektor generalny Apatora.<\/p>\n<p>\u2013 <em>Ponownie powierzyli\u015bmy role w zarz\u0105dzie na kolejn\u0105 kadencj\u0119 Arkadiuszowi Chmielewskiemu i Tomaszowi \u0141\u0105tce, gdy\u017c przekonuje nas ich pomys\u0142 na zarz\u0105dzanie Grup\u0105 w tych nie\u0142atwych dla przemys\u0142u czasach. To m\u0142ody i dynamiczny tandem, kt\u00f3ry bardzo dobrze pozna\u0142 specyfik\u0119 dzia\u0142alno\u015bci Grupy Apator. Sprawdzili si\u0119 jako mened\u017cerowie sp\u00f3\u0142ek w trudnych czasach, co szczeg\u00f3lnie przydaje si\u0119 obecnie, w okresie pandemii, wojny, inflacji i pog\u0142\u0119biaj\u0105cej si\u0119 recesji<\/em> \u2013 komentuje Janusz Nied\u017awiecki, przewodnicz\u0105cy Rady Nadzorczej Apator SA.<\/p>\n<p>Podsumowuj\u0105c dzia\u0142alno\u015b\u0107 zarz\u0105du w poprzedniej kadencji, Arkadiusz Chmielewski zwr\u00f3ci\u0142 uwag\u0119 na wyzwania zwi\u0105zane z dostosowaniem funkcjonowania biznesu do nowych reali\u00f3w rynkowych i intensyfikacj\u0105 prac nad efektywno\u015bci\u0105 operacyjn\u0105 Grupy.<br \/>\n\u2013 <em>Naszym osi\u0105gni\u0119ciem jest niew\u0105tpliwie reorganizacja aktyw\u00f3w Grupy. Przeprowadzili\u015bmy relokacj\u0119 fabryki w Poznaniu i jeste\u015bmy w trakcie relokacji kolejnych dw\u00f3ch centr\u00f3w produkcyjnych Grupy w S\u0142upsku i Wielkiej Brytanii. Z\u0142o\u017conym, ale udanym procesem jest renegocjacja kontrakt\u00f3w d\u0142ugoterminowych i cennik\u00f3w prowadzona z naszymi klientami i dystrybutorami<\/em> \u2013 m\u00f3wi Arkadiusz Chmielewski, prezes zarz\u0105du Apator SA.<br \/>\n\u2013 <em>W trudnych czasach elastycznie przekierowali\u015bmy wysi\u0142ki tam, gdzie rynek pozwala na uzyskanie lepszych wynik\u00f3w sprzeda\u017cowych i mar\u017c. Obecnie takim perspektywicznym obszarem jest bez w\u0105tpienia segment Wody i Ciep\u0142a, gdzie \u2013 wobec coraz wi\u0119kszych deficyt\u00f3w tego cennego zasobu \u2013 ka\u017cda kropla wody powinna by\u0107 precyzyjnie zmierzona i rozliczona. Grupa Apator pozostaje te\u017c jednym z najwi\u0119kszych w Europie, uznanym dostawc\u0105 rozwi\u0105za\u0144 klasy smart maj\u0105cych zastosowanie dla wszystkich medi\u00f3w. Wr\u00f3cili\u015bmy tak\u017ce do pe\u0142ni aktywno\u015bci na rynkach zagranicznych, generujemy znaczn\u0105 cz\u0119\u015b\u0107 przychod\u00f3w w eksporcie, przygotowujemy si\u0119 do realizacji referencyjnego kontraktu na dostawy gazomierzy smart w Belgii<\/em> \u2013 dodaje Arkadiusz Chmielewski.<\/p>\n<p>Jak napisano w komunikacie, Grupa Apator analizuje mo\u017cliwo\u015bci zwi\u0105zane z technologiami przysz\u0142o\u015bci, kt\u00f3re b\u0119d\u0105 mia\u0142y kluczowe znaczenie w d\u0105\u017ceniu do neutralno\u015bci klimatycznej Unii Europejskiej. Za ambitn\u0105 polityk\u0105 UE id\u0105 transfery \u015brodk\u00f3w finansowych przeznaczonych m.in. na dodatkowe inwestycje w sie\u0107 elektroenergetyczn\u0105, dalsze zwi\u0119kszenie udzia\u0142u \u017ar\u00f3de\u0142 odnawialnych oraz rozw\u00f3j infrastruktury wodorowej. Grupa Apator chce by\u0107 aktywnym uczestnikiem transformacji sektor\u00f3w energii, wody, ciep\u0142a i gazu dostarczaj\u0105c autorskie rozwi\u0105zania i us\u0142ugi.<\/p>\n","protected":false},"excerpt":{"rendered":"<p>Rada Nadzorcza Apator SA 29 czerwca 2022 roku ponownie powierzy\u0142a stanowisko prezesa zarz\u0105du sp\u00f3\u0142ki Arkadiuszowi Chmielewskiemu. W ramach kolejnej 3-letniej kadencji do zarz\u0105du powo\u0142ano tak\u017ce Tomasza \u0141\u0105tk\u0119 w funkcji cz\u0142onka zarz\u0105du. Apator poinformowa\u0142, \u017ce rada nadzorcza sp\u00f3\u0142ki powo\u0142a\u0142a z dniem 29 czerwca 2022 roku zarz\u0105d Apatora na now\u0105 wsp\u00f3ln\u0105 3-letni\u0105 kadencj\u0119. Zako\u0144czy si\u0119 ona z&hellip;<\/p>\n","protected":false},"author":3,"featured_media":34446,"comment_status":"closed","ping_status":"closed","sticky":false,"template":"","format":"standard","meta":[],"categories":[318,323],"tags":[333],"_links":{"self":[{"href":"https:\/\/elektrosystemy.pl\/index.php?rest_route=\/wp\/v2\/posts\/36976"}],"collection":[{"href":"https:\/\/elektrosystemy.pl\/index.php?rest_route=\/wp\/v2\/posts"}],"about":[{"href":"https:\/\/elektrosystemy.pl\/index.php?rest_route=\/wp\/v2\/types\/post"}],"author":[{"embeddable":true,"href":"https:\/\/elektrosystemy.pl\/index.php?rest_route=\/wp\/v2\/users\/3"}],"replies":[{"embeddable":true,"href":"https:\/\/elektrosystemy.pl\/index.php?rest_route=%2Fwp%2Fv2%2Fcomments&post=36976"}],"version-history":[{"count":1,"href":"https:\/\/elektrosystemy.pl\/index.php?rest_route=\/wp\/v2\/posts\/36976\/revisions"}],"predecessor-version":[{"id":36977,"href":"https:\/\/elektrosystemy.pl\/index.php?rest_route=\/wp\/v2\/posts\/36976\/revisions\/36977"}],"wp:featuredmedia":[{"embeddable":true,"href":"https:\/\/elektrosystemy.pl\/index.php?rest_route=\/wp\/v2\/media\/34446"}],"wp:attachment":[{"href":"https:\/\/elektrosystemy.pl\/index.php?rest_route=%2Fwp%2Fv2%2Fmedia&parent=36976"}],"wp:term":[{"taxonomy":"category","embeddable":true,"href":"https:\/\/elektrosystemy.pl\/index.php?rest_route=%2Fwp%2Fv2%2Fcategories&post=36976"},{"taxonomy":"post_tag","embeddable":true,"href":"https:\/\/elektrosystemy.pl\/index.php?rest_route=%2Fwp%2Fv2%2Ftags&post=36976"}],"curies":[{"name":"wp","href":"https:\/\/api.w.org\/{rel}","templated":true}]}}