{"id":37066,"date":"2022-07-29T12:21:53","date_gmt":"2022-07-29T10:21:53","guid":{"rendered":"https:\/\/elektrosystemy.pl\/?p=37066"},"modified":"2022-07-29T12:21:53","modified_gmt":"2022-07-29T10:21:53","slug":"grodno-podsumowalo-rok-2021-22","status":"publish","type":"post","link":"https:\/\/elektrosystemy.pl\/?p=37066","title":{"rendered":"Grodno podsumowa\u0142o rok 2021\/22"},"content":{"rendered":"<p><strong>Grupa Grodno potwierdzi\u0142a wcze\u015bniejsze szacunki, raportuj\u0105c najlepsze wyniki roczne w swojej historii. W zako\u0144czonym w marcu roku obrotowym 2021\/22 wypracowa\u0142a 1,2 mld z\u0142 przychod\u00f3w (+68% rdr), 63,8 mln z\u0142 EBITDA (+159% rdr) oraz 43,8 mln zysku netto (+218% rdr), istotnie zwi\u0119kszaj\u0105c rentowno\u015b\u0107. W ocenie Zarz\u0105du, bie\u017c\u0105cy rok mo\u017ce by\u0107 kolejnym rekordowym.<\/strong><\/p>\n<p>Rok obrotowy 2021\/22 by\u0142 okresem najszybszego dot\u0105d rozwoju Grupy Grodno, koncentruj\u0105cej swoj\u0105 dzia\u0142alno\u015b\u0107 na dostarczaniu energooszcz\u0119dnych, kompleksowych rozwi\u0105za\u0144 elektrotechnicznych. Najwy\u017csz\u0105 dynamik\u0119 przychod\u00f3w firma odnotowa\u0142a w segmentach OZE oraz kabli i przewod\u00f3w. Wykaza\u0142a r\u00f3wnie\u017c wzrost we wszystkich pozosta\u0142ych obszarach swojego biznesu.<br \/>\n&#8211; <em>Ro\u015bli\u015bmy szybciej ni\u017c kiedykolwiek wcze\u015bniej i po raz kolejny najszybciej w\u015br\u00f3d lider\u00f3w bran\u017cy elektrotechnicznej. Istotnie zwi\u0119kszyli\u015bmy skal\u0119 dzia\u0142alno\u015bci, w tym sprzeda\u017c o 68% rdr do 1,2 mld z\u0142 i liczb\u0119 klient\u00f3w o 27% rdr do ponad 108 tys. Mocno rozwin\u0119li\u015bmy ofert\u0119, szczeg\u00f3lnie w perspektywicznych obszarach OZE, a liczba naszych dostawc\u00f3w wzros\u0142a o 9% rdr do blisko 3,6 tys. W przypadku zatrudnienia wzrost wyni\u00f3s\u0142 10% rdr do ponad 720 specjalist\u00f3w. Te liczby potwierdzaj\u0105, \u017ce by\u0142 to dla nas prze\u0142omowy rok<\/em> \u2013 wyja\u015bni\u0142 Andrzej Jurczak, prezes zarz\u0105du Grodno S.A.<br \/>\nWzrost wynik\u00f3w Grodna zachodzi\u0142 w warunkach wysokiej koniunktury na rynku elektrotechnicznym i budowlanym. Przypad\u0142 r\u00f3wnie\u017c na okres gwa\u0142townego o\u017cywienia<br \/>\nw bran\u017cy OZE.<br \/>\n&#8211; <em>Prowadzimy kompleksow\u0105 dzia\u0142alno\u015b\u0107 multiinstalacyjn\u0105 z bardzo silnym naciskiem na OZE, dlatego sytuacja w bran\u017cy stworzy\u0142a nam doskona\u0142e warunki do dalszego wzrostu. Wykorzystali\u015bmy je nie tylko do zwi\u0119kszenia sprzeda\u017cy w ka\u017cdym segmencie biznesowym, ale te\u017c do znacznego umocnienia specjalistycznej wiedzy in\u017cynieryjnej oraz do skokowego zwi\u0119kszenia efektywno\u015bci Grupy skutkuj\u0105cego rekordowymi wynikami<\/em> \u2013 doda\u0142 prezes Grodna.<\/p>\n<p><a href=\"https:\/\/elektrosystemy.pl\/wp-content\/uploads\/uncategorized\/2022\/07\/29\/grodno-podsumowalo-rok-2021-22\/Grodno_hd7d5d4d.jpg\"><img loading=\"lazy\" class=\"alignnone wp-image-37067 size-full\" src=\"https:\/\/elektrosystemy.pl\/wp-content\/uploads\/uncategorized\/2022\/07\/29\/grodno-podsumowalo-rok-2021-22\/Grodno_hd7d5d4d.jpg\" alt=\"\" width=\"1400\" height=\"515\" srcset=\"https:\/\/elektrosystemy.pl\/wp-content\/uploads\/uncategorized\/2022\/07\/29\/grodno-podsumowalo-rok-2021-22\/Grodno_hd7d5d4d.jpg 1400w, https:\/\/elektrosystemy.pl\/wp-content\/uploads\/uncategorized\/2022\/07\/29\/grodno-podsumowalo-rok-2021-22\/Grodno_hd7d5d4d-300x110.jpg 300w, https:\/\/elektrosystemy.pl\/wp-content\/uploads\/uncategorized\/2022\/07\/29\/grodno-podsumowalo-rok-2021-22\/Grodno_hd7d5d4d-1024x377.jpg 1024w, https:\/\/elektrosystemy.pl\/wp-content\/uploads\/uncategorized\/2022\/07\/29\/grodno-podsumowalo-rok-2021-22\/Grodno_hd7d5d4d-768x283.jpg 768w, https:\/\/elektrosystemy.pl\/wp-content\/uploads\/uncategorized\/2022\/07\/29\/grodno-podsumowalo-rok-2021-22\/Grodno_hd7d5d4d-600x221.jpg 600w, https:\/\/elektrosystemy.pl\/wp-content\/uploads\/uncategorized\/2022\/07\/29\/grodno-podsumowalo-rok-2021-22\/Grodno_hd7d5d4d-1320x486.jpg 1320w\" sizes=\"(max-width: 1400px) 100vw, 1400px\" \/><\/a><\/p>\n<p><strong>Prognozy<br \/>\n<\/strong>Zarz\u0105d oczekuje, \u017ce w bie\u017c\u0105cym roku obrotowym Grodno utrzyma d\u0142ugoterminowy trend wzrostowy. Jak jednak zaznacza, dynamika sprzeda\u017cy nie b\u0119dzie a\u017c tak wysoka, jak w rekordowym roku 2021\/22. Wst\u0119pnym potwierdzeniem tych za\u0142o\u017ce\u0144 s\u0105 szacunki za I kw. 2022\/23, wskazuj\u0105ce na wzrost przychod\u00f3w Grupy w tym okresie o 10% rdr.<br \/>\n&#8211; <em>W roku 2022\/23 chcemy utrzyma\u0107 dwucyfrowe tempo wzrostu i przynajmniej zachowa\u0107 bie\u017c\u0105ce poziomy rentowno\u015bci, co oznacza, \u017ce nasz\u0105 ambicj\u0105 s\u0105 kolejne rekordy. Jednak nie b\u0119d\u0105 to tak gwa\u0142towne dynamiki, jak w zesz\u0142ym roku. Rynek ma\u0142ych instalacji fotowoltaicznych, kt\u00f3ry odpowiada\u0142 za du\u017c\u0105 cz\u0119\u015b\u0107 ubieg\u0142orocznych wzrost\u00f3w, uspokoi\u0142 si\u0119, na co du\u017cy wp\u0142yw mia\u0142o wprowadzenie nowego systemu rozlicze\u0144 prosument\u00f3w. Mamy te\u017c inn\u0105 sytuacj\u0119 og\u00f3lnogospodarcz\u0105 i geopolityczn\u0105<\/em> \u2013 wyja\u015bnia prezes Jurczak.<\/p>\n<p>Dalszy rozw\u00f3j Grodna ma przebiega\u0107 w du\u017cym stopniu w oparciu o procesy zwi\u0105zane z post\u0119puj\u0105c\u0105 transformacj\u0105 energetyczn\u0105. Zarz\u0105d skupi si\u0119 na wykorzystywaniu\u00a0 rynkowych szans w perspektywicznych i atrakcyjnych biznesowo obszarach rynku elektrotechnicznego, m. in. w bran\u017cy grzewczej.<br \/>\n&#8211; <em>Dzisiaj dobitnie wida\u0107, \u017ce transformacja energetyczna jest nieuchronna. Rynek pomp ciep\u0142a w samym bie\u017c\u0105cym roku mo\u017ce wzrosn\u0105\u0107 o kilkadziesi\u0105t procent, zasilany dodatkowo 600 mln z\u0142 z programu Moje Ciep\u0142o. Ju\u017c dzi\u015b zainteresowanie tymi produktami jest ogromne, a poda\u017c nie nad\u0105\u017ca za popytem. Prognozy dla fotowoltaiki s\u0105 niezmiennie bardzo korzystne. Ponadto ca\u0142a sie\u0107 energetyczna wymaga licznych i pilnych modernizacji. Biznesowo to wszystko stwarza nam niesamowite szanse, dlatego jeste\u015bmy spokojni o dalszy rozw\u00f3j Grodna<\/em> \u2013 podsumowa\u0142 prezes Andrzej Jurczak.<\/p>\n","protected":false},"excerpt":{"rendered":"<p>Grupa Grodno potwierdzi\u0142a wcze\u015bniejsze szacunki, raportuj\u0105c najlepsze wyniki roczne w swojej historii. W zako\u0144czonym w marcu roku obrotowym 2021\/22 wypracowa\u0142a 1,2 mld z\u0142 przychod\u00f3w (+68% rdr), 63,8 mln z\u0142 EBITDA (+159% rdr) oraz 43,8 mln zysku netto (+218% rdr), istotnie zwi\u0119kszaj\u0105c rentowno\u015b\u0107. W ocenie Zarz\u0105du, bie\u017c\u0105cy rok mo\u017ce by\u0107 kolejnym rekordowym. Rok obrotowy 2021\/22 by\u0142&hellip;<\/p>\n","protected":false},"author":3,"featured_media":36983,"comment_status":"closed","ping_status":"closed","sticky":false,"template":"","format":"standard","meta":[],"categories":[318,619,323],"tags":[636],"_links":{"self":[{"href":"https:\/\/elektrosystemy.pl\/index.php?rest_route=\/wp\/v2\/posts\/37066"}],"collection":[{"href":"https:\/\/elektrosystemy.pl\/index.php?rest_route=\/wp\/v2\/posts"}],"about":[{"href":"https:\/\/elektrosystemy.pl\/index.php?rest_route=\/wp\/v2\/types\/post"}],"author":[{"embeddable":true,"href":"https:\/\/elektrosystemy.pl\/index.php?rest_route=\/wp\/v2\/users\/3"}],"replies":[{"embeddable":true,"href":"https:\/\/elektrosystemy.pl\/index.php?rest_route=%2Fwp%2Fv2%2Fcomments&post=37066"}],"version-history":[{"count":1,"href":"https:\/\/elektrosystemy.pl\/index.php?rest_route=\/wp\/v2\/posts\/37066\/revisions"}],"predecessor-version":[{"id":37068,"href":"https:\/\/elektrosystemy.pl\/index.php?rest_route=\/wp\/v2\/posts\/37066\/revisions\/37068"}],"wp:featuredmedia":[{"embeddable":true,"href":"https:\/\/elektrosystemy.pl\/index.php?rest_route=\/wp\/v2\/media\/36983"}],"wp:attachment":[{"href":"https:\/\/elektrosystemy.pl\/index.php?rest_route=%2Fwp%2Fv2%2Fmedia&parent=37066"}],"wp:term":[{"taxonomy":"category","embeddable":true,"href":"https:\/\/elektrosystemy.pl\/index.php?rest_route=%2Fwp%2Fv2%2Fcategories&post=37066"},{"taxonomy":"post_tag","embeddable":true,"href":"https:\/\/elektrosystemy.pl\/index.php?rest_route=%2Fwp%2Fv2%2Ftags&post=37066"}],"curies":[{"name":"wp","href":"https:\/\/api.w.org\/{rel}","templated":true}]}}