{"id":37072,"date":"2022-08-02T15:21:26","date_gmt":"2022-08-02T13:21:26","guid":{"rendered":"https:\/\/elektrosystemy.pl\/?p=37072"},"modified":"2022-08-05T15:21:58","modified_gmt":"2022-08-05T13:21:58","slug":"tim-sa-tym-razem-bez-wyraznego-wzrostu","status":"publish","type":"post","link":"https:\/\/elektrosystemy.pl\/?p=37072","title":{"rendered":"TIM SA: tym razem bez wyra\u017anego wzrostu"},"content":{"rendered":"<p><strong>Ze wst\u0119pnych szacunk\u00f3w wynika, \u017ce w lipcu 2022 r. miesi\u0119czne przychody TIM SA ze sprzeda\u017cy netto towar\u00f3w i us\u0142ug zwi\u0105zanych bezpo\u015brednio ze sprzeda\u017c\u0105 towar\u00f3w wynios\u0142y 106,4 mln z\u0142 (+0,4% rdr). <\/strong><\/p>\n<p>Sprzeda\u017c w przeliczeniu na dzie\u0144 roboczy by\u0142a w lipcu 2022 r. wy\u017csza o 5,2% w por\u00f3wnaniu z analogicznym okresem 2021 r. (5,07 vs 4,82 mln z\u0142). Na tegoroczny lipiec przypad\u0142o bowiem 21 dni roboczych wobec 22 w 2021 r.<br \/>\nPrzychody ze sprzeda\u017cy online realizowanej samodzielnie przez klient\u00f3w osi\u0105gn\u0119\u0142y w lipcu 2022 r. ponad 75,9 mln z\u0142, tj. -2,5% rdr. W przeliczeniu na dzie\u0144 roboczy wzros\u0142y jednak o 2,3% (z 3,53 do 3,61 mln z\u0142). Po siedmiu miesi\u0105cach 2022 r. ca\u0142kowite przychody ze sprzeda\u017cy s\u0105 wy\u017csze o prawie 1\/4 (24,3%) ni\u017c w analogicznym okresie 2021 r. (845,6 vs 680,4 mln z\u0142), za\u015b przychody ze sprzeda\u017cy online realizowanej samodzielnie przez klient\u00f3w \u2013 o 22,2% (588,3 v 481,4 mln z\u0142).<\/p>\n<p>\u2013 <em>Por\u00f3wnuj\u0105c tegoroczny i zesz\u0142oroczny lipiec, warto mie\u0107 na uwadze r\u00f3\u017cn\u0105 liczb\u0119 dni roboczych, co ma du\u017ce znaczenie w przypadku e-commerce B2B. Jednak tak czy inaczej, spowolnienie w gospodarce staje si\u0119 faktem. Symptomy tego by\u0142o wida\u0107 ju\u017c po czerwcu, gdy w naszych szacunkach dotycz\u0105cych ca\u0142kowitej sprzeda\u017cy zanotowali\u015bmy jednocyfrowy wzrost rok do roku \u2013 po raz pierwszy od stycznia 2021 roku. Cykle w gospodarce s\u0105 czym\u015b naturalnym, a zatem pr\u0119dzej czy p\u00f3\u017aniej czeka nas o\u017cywienie. Nie zamierzamy jednak czeka\u0107 biernie na ten czas. Staramy si\u0119 ka\u017cde zawirowania na rynku postrzega\u0107 w kategorii szansy dla naszej firmy. Gdy inni stawiaj\u0105 mury, my stawiamy \u017cagle. Jestem przekonany, \u017ce zaprezentowana przez nas w maju d\u0142ugoterminowa strategia rozwoju pozwoli sp\u00f3\u0142ce dobrze wykorzysta\u0107 tak\u017ce okres s\u0142abszej koniunktury <\/em>\u2013 komentuje Krzysztof Folta, prezes Zarz\u0105du TIM SA.<\/p>\n","protected":false},"excerpt":{"rendered":"<p>Ze wst\u0119pnych szacunk\u00f3w wynika, \u017ce w lipcu 2022 r. miesi\u0119czne przychody TIM SA ze sprzeda\u017cy netto towar\u00f3w i us\u0142ug zwi\u0105zanych bezpo\u015brednio ze sprzeda\u017c\u0105 towar\u00f3w wynios\u0142y 106,4 mln z\u0142 (+0,4% rdr). Sprzeda\u017c w przeliczeniu na dzie\u0144 roboczy by\u0142a w lipcu 2022 r. wy\u017csza o 5,2% w por\u00f3wnaniu z analogicznym okresem 2021 r. (5,07 vs 4,82 mln&hellip;<\/p>\n","protected":false},"author":3,"featured_media":32659,"comment_status":"closed","ping_status":"closed","sticky":false,"template":"","format":"standard","meta":[],"categories":[619,323],"tags":[347],"_links":{"self":[{"href":"https:\/\/elektrosystemy.pl\/index.php?rest_route=\/wp\/v2\/posts\/37072"}],"collection":[{"href":"https:\/\/elektrosystemy.pl\/index.php?rest_route=\/wp\/v2\/posts"}],"about":[{"href":"https:\/\/elektrosystemy.pl\/index.php?rest_route=\/wp\/v2\/types\/post"}],"author":[{"embeddable":true,"href":"https:\/\/elektrosystemy.pl\/index.php?rest_route=\/wp\/v2\/users\/3"}],"replies":[{"embeddable":true,"href":"https:\/\/elektrosystemy.pl\/index.php?rest_route=%2Fwp%2Fv2%2Fcomments&post=37072"}],"version-history":[{"count":1,"href":"https:\/\/elektrosystemy.pl\/index.php?rest_route=\/wp\/v2\/posts\/37072\/revisions"}],"predecessor-version":[{"id":37073,"href":"https:\/\/elektrosystemy.pl\/index.php?rest_route=\/wp\/v2\/posts\/37072\/revisions\/37073"}],"wp:featuredmedia":[{"embeddable":true,"href":"https:\/\/elektrosystemy.pl\/index.php?rest_route=\/wp\/v2\/media\/32659"}],"wp:attachment":[{"href":"https:\/\/elektrosystemy.pl\/index.php?rest_route=%2Fwp%2Fv2%2Fmedia&parent=37072"}],"wp:term":[{"taxonomy":"category","embeddable":true,"href":"https:\/\/elektrosystemy.pl\/index.php?rest_route=%2Fwp%2Fv2%2Fcategories&post=37072"},{"taxonomy":"post_tag","embeddable":true,"href":"https:\/\/elektrosystemy.pl\/index.php?rest_route=%2Fwp%2Fv2%2Ftags&post=37072"}],"curies":[{"name":"wp","href":"https:\/\/api.w.org\/{rel}","templated":true}]}}