{"id":37086,"date":"2022-08-04T15:23:22","date_gmt":"2022-08-04T13:23:22","guid":{"rendered":"https:\/\/elektrosystemy.pl\/?p=37086"},"modified":"2022-08-08T16:26:10","modified_gmt":"2022-08-08T14:26:10","slug":"96-mln-zl-przychodow-grodna-w-lipcu","status":"publish","type":"post","link":"https:\/\/elektrosystemy.pl\/?p=37086","title":{"rendered":"96 mln z\u0142 przychod\u00f3w Grodna w lipcu"},"content":{"rendered":"<p><strong>Zgodnie z najnowszymi szacunkami, przychody Grupy Grodno w lipcu br. wynios\u0142y 96,0 mln z\u0142 kszta\u0142tuj\u0105c si\u0119 na zbli\u017conym poziomie do analogicznego miesi\u0105ca przed rokiem. Narastaj\u0105co po czterech miesi\u0105cach bie\u017c\u0105cego roku obrotowego sprzeda\u017c wynios\u0142a 361,8 mln z\u0142,<\/strong> <strong>czyli o 7% wi\u0119cej wobec 337,7 mln z\u0142 rok wcze\u015bniej. <\/strong><\/p>\n<p>&#8211; <em>W lipcu na dynamice przychod\u00f3w zawa\u017cy\u0142a ni\u017csza rdr sprzeda\u017c mikroinstalacji fotowoltaicznych, zwi\u0105zana ze zmian\u0105 systemu rozlicze\u0144 dla prosument\u00f3w i istotnym uspokojeniem boomu w tym segmencie rynku. Uwa\u017camy jednak, \u017ce jest to sytuacja przej\u015bciowa, a bran\u017ca fotowoltaiczna b\u0119dzie dalej ros\u0142a, co podyktowane b\u0119dzie rosn\u0105cymi rachunkami za energi\u0119. Obecnie tendencj\u0119 tak\u0105 dostrzegamy g\u0142\u00f3wnie w przypadku instalacji dla klient\u00f3w biznesowych <\/em>\u2013 wyja\u015bnia Andrzej Jurczak, prezes zarz\u0105du Grodno S.A.<br \/>\nPlanem Zarz\u0105du na kolejne miesi\u0105ce jest dalszy stabilny rozw\u00f3j Grodna w warunkach post\u0119puj\u0105cej transformacji energetycznej. W\u0142adze Sp\u00f3\u0142ki zak\u0142adaj\u0105 wzrost o co najmniej<br \/>\n10% rdr w ca\u0142ym bie\u017c\u0105cym roku obrotowym.<br \/>\n&#8211; <em>W poprzednim roku obrotowym zwi\u0119kszyli\u015bmy przychody o 68% rdr, buduj\u0105c bardzo wysok\u0105 baz\u0119 i sprzeda\u017cowo osi\u0105gaj\u0105c to, co wcze\u015bniej planowali\u015bmy na znacznie d\u0142u\u017cszy okres. Dlatego, si\u0142\u0105 rzeczy, w bie\u017c\u0105cym roku te dynamiki b\u0119d\u0105 ni\u017csze, co wida\u0107 po ostatnich miesi\u0105cach. W dodatku rynek elektrotechniczny zwalnia, planuje si\u0119 mniej inwestycji. W takich okoliczno\u015bciach zak\u0142adane przez nas min. 10% wzrostu sprzeda\u017cy w ca\u0142ym roku 2022\/23 to ambitny cel<\/em> \u2013 m\u00f3wi Andrzej Jurczak.<\/p>\n<p><strong>Segment OZE motorem wzrostu<br \/>\n<\/strong>Motorem wzrostu Grupy w bie\u017c\u0105cym roku ma pozosta\u0107 segment OZE, obejmuj\u0105cy przede wszystkim kompleksowe rozwi\u0105zania fotowoltaiczne i grzewcze. Szczeg\u00f3lnie du\u017cego potencja\u0142u do wzrostu w kolejnych miesi\u0105cach Zarz\u0105d upatruje w obszarze pomp ciep\u0142a.<br \/>\n&#8211; <em>Na rynku pomp ciep\u0142a mamy obecnie do czynienia z bardzo du\u017cym zapotrzebowaniem, co chcemy maksymalnie wykorzysta\u0107. W lipcu zako\u0144czyli\u015bmy rozbudow\u0119 naszego magazynu centralnego w Ma\u0142opolu pod Warszaw\u0105, dwukrotnie zwi\u0119kszaj\u0105c jego powierzchni\u0119 magazynow\u0105 w\u0142a\u015bnie pod k\u0105tem potrzeb zatowarowania pomp ciep\u0142a i fotowoltaiki. Zawieramy te\u017c nowe umowy z kolejnymi dystrybutorami wiod\u0105cych marek urz\u0105dze\u0144 grzewczych, tak by mie\u0107 najlepsz\u0105 ofert\u0119 w bran\u017cy. Jeste\u015bmy zatem dobrze przygotowani na wzrost w tym obszarze<\/em> \u2013 dodaje prezes Grodna.<\/p>\n","protected":false},"excerpt":{"rendered":"<p>Zgodnie z najnowszymi szacunkami, przychody Grupy Grodno w lipcu br. wynios\u0142y 96,0 mln z\u0142 kszta\u0142tuj\u0105c si\u0119 na zbli\u017conym poziomie do analogicznego miesi\u0105ca przed rokiem. Narastaj\u0105co po czterech miesi\u0105cach bie\u017c\u0105cego roku obrotowego sprzeda\u017c wynios\u0142a 361,8 mln z\u0142, czyli o 7% wi\u0119cej wobec 337,7 mln z\u0142 rok wcze\u015bniej. &#8211; W lipcu na dynamice przychod\u00f3w zawa\u017cy\u0142a ni\u017csza rdr&hellip;<\/p>\n","protected":false},"author":3,"featured_media":36981,"comment_status":"closed","ping_status":"closed","sticky":false,"template":"","format":"standard","meta":[],"categories":[619,323],"tags":[636],"_links":{"self":[{"href":"https:\/\/elektrosystemy.pl\/index.php?rest_route=\/wp\/v2\/posts\/37086"}],"collection":[{"href":"https:\/\/elektrosystemy.pl\/index.php?rest_route=\/wp\/v2\/posts"}],"about":[{"href":"https:\/\/elektrosystemy.pl\/index.php?rest_route=\/wp\/v2\/types\/post"}],"author":[{"embeddable":true,"href":"https:\/\/elektrosystemy.pl\/index.php?rest_route=\/wp\/v2\/users\/3"}],"replies":[{"embeddable":true,"href":"https:\/\/elektrosystemy.pl\/index.php?rest_route=%2Fwp%2Fv2%2Fcomments&post=37086"}],"version-history":[{"count":1,"href":"https:\/\/elektrosystemy.pl\/index.php?rest_route=\/wp\/v2\/posts\/37086\/revisions"}],"predecessor-version":[{"id":37087,"href":"https:\/\/elektrosystemy.pl\/index.php?rest_route=\/wp\/v2\/posts\/37086\/revisions\/37087"}],"wp:featuredmedia":[{"embeddable":true,"href":"https:\/\/elektrosystemy.pl\/index.php?rest_route=\/wp\/v2\/media\/36981"}],"wp:attachment":[{"href":"https:\/\/elektrosystemy.pl\/index.php?rest_route=%2Fwp%2Fv2%2Fmedia&parent=37086"}],"wp:term":[{"taxonomy":"category","embeddable":true,"href":"https:\/\/elektrosystemy.pl\/index.php?rest_route=%2Fwp%2Fv2%2Fcategories&post=37086"},{"taxonomy":"post_tag","embeddable":true,"href":"https:\/\/elektrosystemy.pl\/index.php?rest_route=%2Fwp%2Fv2%2Ftags&post=37086"}],"curies":[{"name":"wp","href":"https:\/\/api.w.org\/{rel}","templated":true}]}}