{"id":37130,"date":"2022-08-24T10:55:46","date_gmt":"2022-08-24T08:55:46","guid":{"rendered":"https:\/\/elektrosystemy.pl\/?p=37130"},"modified":"2022-08-25T11:08:29","modified_gmt":"2022-08-25T09:08:29","slug":"wojciech-swiatek-nowym-dyrektorem-w-schneider-electric","status":"publish","type":"post","link":"https:\/\/elektrosystemy.pl\/?p=37130","title":{"rendered":"Wojciech \u015awi\u0105tek nowym dyrektorem w Schneider Electric"},"content":{"rendered":"<p><strong>Polski oddzia\u0142 Schneider Electric z pocz\u0105tkiem lipca powo\u0142a\u0142 Wojciecha \u015awi\u0105tka na nowo utworzone stanowisko dyrektora ds. zr\u00f3wnowa\u017conego rozwoju. W nowej roli Wojciech \u015awi\u0105tek b\u0119dzie odpowiedzialny za realizacj\u0119 strategii firmy zwi\u0105zanej z obszarem zr\u00f3wnowa\u017conego rozwoju (ang. <em>sustainability<\/em>) oraz wsparcie wsp\u00f3\u0142pracy firmy z klientami i partnerami w tym zakresie.<\/strong><\/p>\n<p>Wojciech \u015awi\u0105tek jest zwi\u0105zany ze Schneider Electric od 1997 roku. Na przestrzeni lat pracowa\u0142 w r\u00f3\u017cnych organizacjach i zespo\u0142ach SE na stanowiskach zwi\u0105zanych z marketingiem, strategi\u0105 i rozwojem biznesu, m.in. we Francji, Rosji i krajach WNP. Od 2013 r. pracuje w Polsce, ostatnio pe\u0142ni\u0105c\u00a0mi\u0119dzy innymi obowi\u0105zki dyrektora ds. rozwoju biznesu na Czechy, Polsk\u0119, S\u0142owacj\u0119 i Ukrain\u0119. W swej ostatniej roli odpowiada\u0142 m.in. za realizacj\u0119 d\u0142ugoterminowych plan\u00f3w rozwoju dzia\u0142alno\u015bci firmy w Polsce i regionie, opracowanie krajowych plan\u00f3w strategicznych oraz wsp\u00f3\u0142prac\u0119 z kluczowymi klientami i partnerami.<\/p>\n<p>Na nowym stanowisku Wojciech \u015awi\u0105tek b\u0119dzie realizowa\u0142 strategi\u0119 sp\u00f3\u0142ki zwi\u0105zan\u0105 z osi\u0105ganiem lokalnie cel\u00f3w zr\u00f3wnowa\u017conego rozwoju, dekarbonizacji i transformacji energetycznej, zapewniaj\u0105c klientom i partnerom dost\u0119p do szerokiej wiedzy eksperckiej i odpowiedniej technologii, a tak\u017ce przeszczepiaj\u0105c na lokalny grunt najlepsze praktyki wypracowywane przez lata na innych rynkach, dopasowuj\u0105c je do lokalnych uwarunkowa\u0144.<\/p>\n<p><em>&#8211; Zr\u00f3wnowa\u017cony rozw\u00f3j jest od wielu lat jednym z g\u0142\u00f3wnych fundament\u00f3w dzia\u0142alno\u015bci Schneider Electric na ca\u0142ym \u015bwiecie. Ju\u017c w 2005 roku jako organizacja zacz\u0119li\u015bmy monitorowa\u0107 nasz wp\u0142yw na ludzi i planet\u0119, pomagaj\u0105c klientom zaoszcz\u0119dzi\u0107 w tym czasie ponad 120 milion\u00f3w ton emisji dwutlenku w\u0119gla i zapewniaj\u0105c dost\u0119p do energii ok. 30 milionom ludzi na ca\u0142ym \u015bwiecie. Tym bardziej ciesz\u0119 si\u0119, \u017ce b\u0119d\u0105c tyle lat w organizacji, mog\u0119 po\u0142\u0105czy\u0107 zdobyte do tej pory kompetencje i wiedz\u0119 z bogatym do\u015bwiadczeniem Schneider Electric w realizacji za\u0142o\u017ce\u0144 zr\u00f3wnowa\u017conego rozwoju <\/em>\u2013 m\u00f3wi Wojciech \u015awi\u0105tek, dyrektor ds. zr\u00f3wnowa\u017conego rozwoju w Schneider Electric.<\/p>\n<p>Wojciech \u015awi\u0105tek to absolwent Politechniki Warszawskiej na kierunku automatyki przemys\u0142owej i zarz\u0105dzania oraz University of Westminster w Londynie na kierunku cyfrowego przetwarzania sygna\u0142\u00f3w.<\/p>\n","protected":false},"excerpt":{"rendered":"<p>Polski oddzia\u0142 Schneider Electric z pocz\u0105tkiem lipca powo\u0142a\u0142 Wojciecha \u015awi\u0105tka na nowo utworzone stanowisko dyrektora ds. zr\u00f3wnowa\u017conego rozwoju. W nowej roli Wojciech \u015awi\u0105tek b\u0119dzie odpowiedzialny za realizacj\u0119 strategii firmy zwi\u0105zanej z obszarem zr\u00f3wnowa\u017conego rozwoju (ang. sustainability) oraz wsparcie wsp\u00f3\u0142pracy firmy z klientami i partnerami w tym zakresie. Wojciech \u015awi\u0105tek jest zwi\u0105zany ze Schneider Electric od&hellip;<\/p>\n","protected":false},"author":3,"featured_media":37131,"comment_status":"closed","ping_status":"closed","sticky":false,"template":"","format":"standard","meta":[],"categories":[318],"tags":[321],"_links":{"self":[{"href":"https:\/\/elektrosystemy.pl\/index.php?rest_route=\/wp\/v2\/posts\/37130"}],"collection":[{"href":"https:\/\/elektrosystemy.pl\/index.php?rest_route=\/wp\/v2\/posts"}],"about":[{"href":"https:\/\/elektrosystemy.pl\/index.php?rest_route=\/wp\/v2\/types\/post"}],"author":[{"embeddable":true,"href":"https:\/\/elektrosystemy.pl\/index.php?rest_route=\/wp\/v2\/users\/3"}],"replies":[{"embeddable":true,"href":"https:\/\/elektrosystemy.pl\/index.php?rest_route=%2Fwp%2Fv2%2Fcomments&post=37130"}],"version-history":[{"count":1,"href":"https:\/\/elektrosystemy.pl\/index.php?rest_route=\/wp\/v2\/posts\/37130\/revisions"}],"predecessor-version":[{"id":37132,"href":"https:\/\/elektrosystemy.pl\/index.php?rest_route=\/wp\/v2\/posts\/37130\/revisions\/37132"}],"wp:featuredmedia":[{"embeddable":true,"href":"https:\/\/elektrosystemy.pl\/index.php?rest_route=\/wp\/v2\/media\/37131"}],"wp:attachment":[{"href":"https:\/\/elektrosystemy.pl\/index.php?rest_route=%2Fwp%2Fv2%2Fmedia&parent=37130"}],"wp:term":[{"taxonomy":"category","embeddable":true,"href":"https:\/\/elektrosystemy.pl\/index.php?rest_route=%2Fwp%2Fv2%2Fcategories&post=37130"},{"taxonomy":"post_tag","embeddable":true,"href":"https:\/\/elektrosystemy.pl\/index.php?rest_route=%2Fwp%2Fv2%2Ftags&post=37130"}],"curies":[{"name":"wp","href":"https:\/\/api.w.org\/{rel}","templated":true}]}}