{"id":37136,"date":"2022-08-25T07:52:34","date_gmt":"2022-08-25T05:52:34","guid":{"rendered":"https:\/\/elektrosystemy.pl\/?p=37136"},"modified":"2022-08-25T12:55:06","modified_gmt":"2022-08-25T10:55:06","slug":"tim-rozpoczal-przeglad-opcji-strategicznych","status":"publish","type":"post","link":"https:\/\/elektrosystemy.pl\/?p=37136","title":{"rendered":"TIM rozpocz\u0105\u0142 przegl\u0105d opcji strategicznych"},"content":{"rendered":"<p><strong>Zarz\u0105d TIM S.A. poinformowa\u0142, i\u017c 22 sierpnia 2022 roku podj\u0105\u0142 decyzj\u0119 o rozpocz\u0119ciu przegl\u0105du opcji strategicznych dotycz\u0105cych przysz\u0142o\u015bci Grupy Kapita\u0142owej TIM.<\/strong><\/p>\n<p>Jak napisano w komunikacie, celem przegl\u0105du opcji strategicznych jest ocena mo\u017cliwych kierunk\u00f3w dzia\u0142a\u0144 zmierzaj\u0105cych do maksymalizacji warto\u015bci dla akcjonariuszy TIM S.A. Sp\u00f3\u0142ka rozwa\u017ca i jest otwarta na szereg mo\u017cliwych opcji strategicznych, kt\u00f3re mog\u0105 obejmowa\u0107 pozyskanie inwestora finansowego lub strategicznego b\u0105d\u017a przeprowadzenie innej transakcji, kt\u00f3ra mo\u017ce skutkowa\u0107 zmian\u0105 struktury akcjonariatu TIM S.A.<\/p>\n<p>W najbli\u017cszym czasie Zarz\u0105d TIM S.A. planuje zawrze\u0107 umowy z doradc\u0105 finansowym oraz doradc\u0105 prawnym, kt\u00f3rzy wespr\u0105 Zarz\u0105d w przeprowadzeniu przegl\u0105du opcji strategicznych. Jednocze\u015bnie Zarz\u0105d TIM S.A. informuje, \u017ce \u017cadna decyzja zwi\u0105zana z wyborem jakiejkolwiek opcji strategicznej nie zosta\u0142a podj\u0119ta i nie ma pewno\u015bci czy i kiedy taka decyzja zostanie podj\u0119ta. Sp\u00f3\u0142ka b\u0119dzie przekazywa\u0142a do publicznej wiadomo\u015bci informacje o przebiegu procesu przegl\u0105du opcji strategicznych zgodnie z obowi\u0105zuj\u0105cymi przepisami prawa.<br \/>\nPonadto Zarz\u0105d TIM S.A. informuje, i\u017c bez podejmowania przez Sp\u00f3\u0142k\u0119 jakichkolwiek dzia\u0142a\u0144 inicjuj\u0105cych, Sp\u00f3\u0142ka otrzyma\u0142a od zewn\u0119trznych podmiot\u00f3w zainteresowanych Grup\u0105 Kapita\u0142ow\u0105 TIM wyrazy gotowo\u015bci rozpocz\u0119cia dyskusji dotycz\u0105cych przysz\u0142o\u015bci Grupy Kapita\u0142owej TIM. Zarz\u0105d TIM S.A. dokona analizy tych wyraz\u00f3w gotowo\u015bci rozpocz\u0119cia rozm\u00f3w oraz ewentualnych innych dzia\u0142a\u0144, kt\u00f3re mog\u0105 wynika\u0107 z przegl\u0105du opcji strategicznych.<\/p>\n<p>W czasie trwania przegl\u0105du opcji strategicznych Grupa Kapita\u0142owa TIM, b\u0119dzie kontynuowa\u0142a realizacj\u0119 swojego planu operacyjnego oraz wdra\u017cania aktualnej strategii biznesowej.<\/p>\n","protected":false},"excerpt":{"rendered":"<p>Zarz\u0105d TIM S.A. poinformowa\u0142, i\u017c 22 sierpnia 2022 roku podj\u0105\u0142 decyzj\u0119 o rozpocz\u0119ciu przegl\u0105du opcji strategicznych dotycz\u0105cych przysz\u0142o\u015bci Grupy Kapita\u0142owej TIM. Jak napisano w komunikacie, celem przegl\u0105du opcji strategicznych jest ocena mo\u017cliwych kierunk\u00f3w dzia\u0142a\u0144 zmierzaj\u0105cych do maksymalizacji warto\u015bci dla akcjonariuszy TIM S.A. Sp\u00f3\u0142ka rozwa\u017ca i jest otwarta na szereg mo\u017cliwych opcji strategicznych, kt\u00f3re mog\u0105 obejmowa\u0107&hellip;<\/p>\n","protected":false},"author":3,"featured_media":31537,"comment_status":"closed","ping_status":"closed","sticky":false,"template":"","format":"standard","meta":[],"categories":[318,619,323],"tags":[347],"_links":{"self":[{"href":"https:\/\/elektrosystemy.pl\/index.php?rest_route=\/wp\/v2\/posts\/37136"}],"collection":[{"href":"https:\/\/elektrosystemy.pl\/index.php?rest_route=\/wp\/v2\/posts"}],"about":[{"href":"https:\/\/elektrosystemy.pl\/index.php?rest_route=\/wp\/v2\/types\/post"}],"author":[{"embeddable":true,"href":"https:\/\/elektrosystemy.pl\/index.php?rest_route=\/wp\/v2\/users\/3"}],"replies":[{"embeddable":true,"href":"https:\/\/elektrosystemy.pl\/index.php?rest_route=%2Fwp%2Fv2%2Fcomments&post=37136"}],"version-history":[{"count":1,"href":"https:\/\/elektrosystemy.pl\/index.php?rest_route=\/wp\/v2\/posts\/37136\/revisions"}],"predecessor-version":[{"id":37137,"href":"https:\/\/elektrosystemy.pl\/index.php?rest_route=\/wp\/v2\/posts\/37136\/revisions\/37137"}],"wp:featuredmedia":[{"embeddable":true,"href":"https:\/\/elektrosystemy.pl\/index.php?rest_route=\/wp\/v2\/media\/31537"}],"wp:attachment":[{"href":"https:\/\/elektrosystemy.pl\/index.php?rest_route=%2Fwp%2Fv2%2Fmedia&parent=37136"}],"wp:term":[{"taxonomy":"category","embeddable":true,"href":"https:\/\/elektrosystemy.pl\/index.php?rest_route=%2Fwp%2Fv2%2Fcategories&post=37136"},{"taxonomy":"post_tag","embeddable":true,"href":"https:\/\/elektrosystemy.pl\/index.php?rest_route=%2Fwp%2Fv2%2Ftags&post=37136"}],"curies":[{"name":"wp","href":"https:\/\/api.w.org\/{rel}","templated":true}]}}