{"id":37159,"date":"2022-09-02T11:17:44","date_gmt":"2022-09-02T09:17:44","guid":{"rendered":"https:\/\/elektrosystemy.pl\/?p=37159"},"modified":"2022-09-02T12:09:13","modified_gmt":"2022-09-02T10:09:13","slug":"relpol-powolal-nowy-zarzad","status":"publish","type":"post","link":"https:\/\/elektrosystemy.pl\/?p=37159","title":{"rendered":"Relpol powo\u0142a\u0142 nowy zarz\u0105d"},"content":{"rendered":"<p><strong>Relpol SA poinformowa\u0142, i\u017c 1 wrze\u015bnia 2022 roku powo\u0142any zosta\u0142 nowy, trzyosobowy zarz\u0105d Sp\u00f3\u0142ki. Prezesem zarz\u0105du zosta\u0142 Krzysztof Pa\u0142gan, wiceprezesem zarz\u0105du Monika Kuriata oraz Bart\u0142omiej Szyd\u0142owski cz\u0142onkiem zarz\u0105du.<\/strong><\/p>\n<p><strong>Krzysztof Pa\u0142gan<\/strong> jest zwi\u0105zany ze sp\u00f3\u0142k\u0105 od 2017 roku. Uko\u0144czy\u0142 studia magisterskie na Akademii Techniczno-Rolniczej w Bydgoszczy zdobywaj\u0105c tytu\u0142 in\u017cyniera elektryka, a tak\u017ce studia podyplomowe z zarz\u0105dzania finansami na Akademii Leona Ko\u017ami\u0144skiego. W Relpol SA pe\u0142ni\u0142 wcze\u015bniej funkcje dyrektora handlu i marketingu, wiceprezesa zarz\u0105du oraz ostatnio p.o. prezesa zarz\u0105du. W latach 1998-2018 zwi\u0105zany by\u0142 z koncernem ABB, gdzie zajmowa\u0142 stanowiska in\u017cyniera sprzeda\u017cy, dyrektora sprzeda\u017cy i marketingu Dywizji System\u00f3w dla Energetyki w Krakowie, dyrektora obszaru sprzeda\u017cy dla rynk\u00f3w C&amp;EE ABB Italy, dyrektora regionalnego biura sprzeda\u017cy w Poznaniu w Dywizji Produkty i Systemy dla Energetyki, dyrektora rynku system\u00f3w energetyki, dyrektora sprzeda\u017cy i marketingu Dywizji PG.<\/p>\n<p><strong>Monika Kuriata<\/strong> uko\u0144czy\u0142a studia magisterskie o kierunku finanse i bankowo\u015b\u0107 oraz studia podyplomowe o kierunku rachunkowo\u015bci na Uniwersytecie Ekonomicznym w Poznaniu. W Relpol SA pracuje od roku 2003 pocz\u0105tkowo jako ksi\u0119gowa ds. nale\u017cno\u015bci, nast\u0119pnie jako specjalista ds. zarzadzania ryzykiem i analiz, dyrektor finansowy Grupy Kapita\u0142owej i prokurent, cz\u0142onek zarz\u0105du i dyrektor finansowy.<\/p>\n<p><strong>Bart\u0142omiej Szyd\u0142owski<\/strong> uko\u0144czy\u0142 studia magisterskie o kierunku elektronicznym na Uniwersytecie Zielonog\u00f3rskim, studia MBA z zarz\u0105dzania na Akademii Ekonomicznej we Wroc\u0142awiu oraz studia podyplomowe o kierunku handel zagraniczny r\u00f3wnie\u017c na AE we Wroc\u0142awiu. W latach 2020 \u2013 2022 pracowa\u0142 jako dyrektor operacyjny oraz dyrektor sprzeda\u017cy i marketingu w Lumel SA Zielonej G\u00f3rze. Wcze\u015bniej piastowa\u0142 stanowiska kierownika dzia\u0142u marketingu, dyrektora eksportu, dyrektora eksportu i rozwoju produkt\u00f3w w Relpol S.A. W okresie od marca 2008 do marca 2009 by\u0142 dyrektorem zarz\u0105dzaj\u0105cym w Styler Sp. z o.o. w Trzebnicy, a w latach 2004 do 2008 specjalist\u0105 ds. marketingu w Relpol S.A.<\/p>\n","protected":false},"excerpt":{"rendered":"<p>Relpol SA poinformowa\u0142, i\u017c 1 wrze\u015bnia 2022 roku powo\u0142any zosta\u0142 nowy, trzyosobowy zarz\u0105d Sp\u00f3\u0142ki. Prezesem zarz\u0105du zosta\u0142 Krzysztof Pa\u0142gan, wiceprezesem zarz\u0105du Monika Kuriata oraz Bart\u0142omiej Szyd\u0142owski cz\u0142onkiem zarz\u0105du. Krzysztof Pa\u0142gan jest zwi\u0105zany ze sp\u00f3\u0142k\u0105 od 2017 roku. Uko\u0144czy\u0142 studia magisterskie na Akademii Techniczno-Rolniczej w Bydgoszczy zdobywaj\u0105c tytu\u0142 in\u017cyniera elektryka, a tak\u017ce studia podyplomowe z zarz\u0105dzania&hellip;<\/p>\n","protected":false},"author":3,"featured_media":32624,"comment_status":"closed","ping_status":"closed","sticky":false,"template":"","format":"standard","meta":[],"categories":[318,323],"tags":[360],"_links":{"self":[{"href":"https:\/\/elektrosystemy.pl\/index.php?rest_route=\/wp\/v2\/posts\/37159"}],"collection":[{"href":"https:\/\/elektrosystemy.pl\/index.php?rest_route=\/wp\/v2\/posts"}],"about":[{"href":"https:\/\/elektrosystemy.pl\/index.php?rest_route=\/wp\/v2\/types\/post"}],"author":[{"embeddable":true,"href":"https:\/\/elektrosystemy.pl\/index.php?rest_route=\/wp\/v2\/users\/3"}],"replies":[{"embeddable":true,"href":"https:\/\/elektrosystemy.pl\/index.php?rest_route=%2Fwp%2Fv2%2Fcomments&post=37159"}],"version-history":[{"count":1,"href":"https:\/\/elektrosystemy.pl\/index.php?rest_route=\/wp\/v2\/posts\/37159\/revisions"}],"predecessor-version":[{"id":37160,"href":"https:\/\/elektrosystemy.pl\/index.php?rest_route=\/wp\/v2\/posts\/37159\/revisions\/37160"}],"wp:featuredmedia":[{"embeddable":true,"href":"https:\/\/elektrosystemy.pl\/index.php?rest_route=\/wp\/v2\/media\/32624"}],"wp:attachment":[{"href":"https:\/\/elektrosystemy.pl\/index.php?rest_route=%2Fwp%2Fv2%2Fmedia&parent=37159"}],"wp:term":[{"taxonomy":"category","embeddable":true,"href":"https:\/\/elektrosystemy.pl\/index.php?rest_route=%2Fwp%2Fv2%2Fcategories&post=37159"},{"taxonomy":"post_tag","embeddable":true,"href":"https:\/\/elektrosystemy.pl\/index.php?rest_route=%2Fwp%2Fv2%2Ftags&post=37159"}],"curies":[{"name":"wp","href":"https:\/\/api.w.org\/{rel}","templated":true}]}}