{"id":37161,"date":"2022-09-01T12:29:00","date_gmt":"2022-09-01T10:29:00","guid":{"rendered":"https:\/\/elektrosystemy.pl\/?p=37161"},"modified":"2022-09-02T13:31:08","modified_gmt":"2022-09-02T11:31:08","slug":"ml-system-wzrost-sprzedazy-i-strata-netto","status":"publish","type":"post","link":"https:\/\/elektrosystemy.pl\/?p=37161","title":{"rendered":"ML System: wzrost sprzeda\u017cy i strata netto"},"content":{"rendered":"<p><strong>ML System w I p\u00f3\u0142roczu 2022 r. wypracowa\u0142 105,3 mln z\u0142 przychod\u00f3w ze sprzeda\u017cy, co oznacza wzrost rok do roku o 45%. Jednocze\u015bnie odnotowana zosta\u0142a strata netto w wysoko\u015bci -3,8 mln z\u0142. W analizowanym okresie wynik EBITDA wyni\u00f3s\u0142 13,1 mln z\u0142, czyli o 19,5% wi\u0119cej w uj\u0119ciu rok do roku. Obecna warto\u015b\u0107 portfela zam\u00f3wie\u0144 sp\u00f3\u0142ki jest rekordowa i wynosi ponad 280 mln z\u0142.<\/strong><\/p>\n<p>W I p\u00f3\u0142roczu 2022 r. grupa wykaza\u0142a strat\u0119 netto w kwocie -3,8 mln z\u0142 wobec zysku netto 3,2 mln z\u0142 w analogicznym okresie roku poprzedniego. Jest to m.in. konsekwencja wy\u017cszych koszt\u00f3w amortyzacji \u2013 o 7,2 mln z\u0142 w uj\u0119ciu rok do roku oraz koszt\u00f3w wynikaj\u0105cych z realizacji strategii, w tym wzrostu zatrudnienia. Na ostateczny wynik finansowy du\u017cy wp\u0142yw mia\u0142y r\u00f3wnie\u017c wy\u017csze koszty obs\u0142ugi d\u0142ugu bankowego zwi\u0105zanego z finansowaniem wysokich nak\u0142ad\u00f3w inwestycyjnych.<br \/>\n&#8211; <em>Konsekwentnie, zgodnie ze strategi\u0105, zwi\u0119kszamy skal\u0119 dzia\u0142ania, dywersyfikuj\u0105c nasz biznes o nowe produkty, w tym przede wszystkim asortyment \u201enowej ery kwantowej\u201d, jak r\u00f3wnie\u017c umacniamy pozycj\u0119 na atrakcyjnych rynkach BIPV oraz energetyki zawodowej. Dzi\u0119ki podpisanej w ostatnich dniach umowie ramowej weszli\u015bmy tak\u017ce w obszar stolarki otworowej dedykowanej rynkowi rezydencjalnemu. Ponadto, rozszerzamy zasi\u0119g naszej dzia\u0142alno\u015bci za granic\u0105 \u2013 w analizowanym okresie weszli\u015bmy na nowe rynki eksportowe. Trwaj\u0105cy kryzys energetyczny, a tym samym konieczno\u015b\u0107 inwestowania w \u017ar\u00f3d\u0142a odnawialne, b\u0119d\u0105 sprzyja\u0107 rozwojowi bran\u017cy i sp\u00f3\u0142ki w kolejnych okresach <\/em>\u2013 komentuje Dawid Cyco\u0144, prezes ML System.<\/p>\n<p>W I p\u00f3\u0142roczu 2022 r. grupa ML System podpisa\u0142a umowy na realizacj\u0119 zawodowych elektrowni fotowoltaicznych o \u0142\u0105cznej warto\u015bci ponad 76,7 mln z\u0142 i 48,4 MW. Sp\u00f3\u0142ka podkre\u015bla, \u017ce popyt w segmencie energetyki zawodowej, nap\u0119dzany rosn\u0105cymi cenami energii ze \u017ar\u00f3de\u0142 konwencjonalnych, jest znacz\u0105cy.<br \/>\n&#8211; <em>Zgodnie z planem zako\u0144czyli\u015bmy projekt 2D Glass (pasywne szyby z pow\u0142ok\u0105 kwantow\u0105). Ponadto, zakontraktowali\u015bmy zakup maszyn i sprz\u0119tu do linii produkcyjnej Active Glass (kwantowa, przeciwpo\u017carowa szyba zespolona). Pozytywnie przeszli\u015bmy badania odporno\u015bci ogniowej. Nasze zespolenia spe\u0142ni\u0142y wszystkie wymagania dla klasy EI30, czyli wykaza\u0142y zdolno\u015b\u0107 do powstrzymania ognia przed przedostaniem si\u0119 przez przegrod\u0119 w czasie min. 30 minut. Nale\u017cy tak\u017ce podkre\u015bli\u0107, \u017ce w pierwszej po\u0142owie bie\u017c\u0105cego roku sprzedali\u015bmy szk\u0142o pow\u0142okowe za kwot\u0119 ok. 9,5 mln <\/em>\u2013 dodaje Dawid Cyco\u0144.<\/p>\n<p>W II kwartale 2022 r. grupa osi\u0105gn\u0119\u0142a 15,5% mar\u017cy EBITDA, co oznacza wzrost o 5,8 p.p. w por\u00f3wnaniu z I kwarta\u0142em bie\u017c\u0105cego roku. Poprawa rentowno\u015bci to m.in. efekt realizacji strategii \u201enowej ery kwantowej\u201d.<br \/>\n<em>&#8211; Pozytywne efekty realizacji projekt\u00f3w \u201enowej ery kwantowej\u201d wida\u0107 ju\u017c p\u00f3\u0142 roku od uruchomienia pierwszej na \u015bwiecie linii produkcyjnej szyb z pow\u0142okami kwantowymi. Konsekwentnie i planowo realizujemy kolejne jej za\u0142o\u017cenia \u2013<\/em> podsumowuje Dawid Cyco\u0144.<\/p>\n","protected":false},"excerpt":{"rendered":"<p>ML System w I p\u00f3\u0142roczu 2022 r. wypracowa\u0142 105,3 mln z\u0142 przychod\u00f3w ze sprzeda\u017cy, co oznacza wzrost rok do roku o 45%. Jednocze\u015bnie odnotowana zosta\u0142a strata netto w wysoko\u015bci -3,8 mln z\u0142. W analizowanym okresie wynik EBITDA wyni\u00f3s\u0142 13,1 mln z\u0142, czyli o 19,5% wi\u0119cej w uj\u0119ciu rok do roku. Obecna warto\u015b\u0107 portfela zam\u00f3wie\u0144 sp\u00f3\u0142ki&hellip;<\/p>\n","protected":false},"author":3,"featured_media":27992,"comment_status":"closed","ping_status":"closed","sticky":false,"template":"","format":"standard","meta":[],"categories":[318,323],"tags":[699],"_links":{"self":[{"href":"https:\/\/elektrosystemy.pl\/index.php?rest_route=\/wp\/v2\/posts\/37161"}],"collection":[{"href":"https:\/\/elektrosystemy.pl\/index.php?rest_route=\/wp\/v2\/posts"}],"about":[{"href":"https:\/\/elektrosystemy.pl\/index.php?rest_route=\/wp\/v2\/types\/post"}],"author":[{"embeddable":true,"href":"https:\/\/elektrosystemy.pl\/index.php?rest_route=\/wp\/v2\/users\/3"}],"replies":[{"embeddable":true,"href":"https:\/\/elektrosystemy.pl\/index.php?rest_route=%2Fwp%2Fv2%2Fcomments&post=37161"}],"version-history":[{"count":2,"href":"https:\/\/elektrosystemy.pl\/index.php?rest_route=\/wp\/v2\/posts\/37161\/revisions"}],"predecessor-version":[{"id":37163,"href":"https:\/\/elektrosystemy.pl\/index.php?rest_route=\/wp\/v2\/posts\/37161\/revisions\/37163"}],"wp:featuredmedia":[{"embeddable":true,"href":"https:\/\/elektrosystemy.pl\/index.php?rest_route=\/wp\/v2\/media\/27992"}],"wp:attachment":[{"href":"https:\/\/elektrosystemy.pl\/index.php?rest_route=%2Fwp%2Fv2%2Fmedia&parent=37161"}],"wp:term":[{"taxonomy":"category","embeddable":true,"href":"https:\/\/elektrosystemy.pl\/index.php?rest_route=%2Fwp%2Fv2%2Fcategories&post=37161"},{"taxonomy":"post_tag","embeddable":true,"href":"https:\/\/elektrosystemy.pl\/index.php?rest_route=%2Fwp%2Fv2%2Ftags&post=37161"}],"curies":[{"name":"wp","href":"https:\/\/api.w.org\/{rel}","templated":true}]}}