{"id":37171,"date":"2022-09-06T22:31:12","date_gmt":"2022-09-06T20:31:12","guid":{"rendered":"https:\/\/elektrosystemy.pl\/?p=37171"},"modified":"2022-09-06T22:33:50","modified_gmt":"2022-09-06T20:33:50","slug":"nowa-elektro-powolala-nowy-zarzad","status":"publish","type":"post","link":"https:\/\/elektrosystemy.pl\/?p=37171","title":{"rendered":"Nowa Elektro z nowym zarz\u0105dem"},"content":{"rendered":"<p><strong>Z dniem 1 wrze\u015bnia 2022 roku prezesem zarz\u0105du Nowa Elektro zosta\u0142 \u0141ukasz Skowro\u0144ski, pe\u0142ni\u0105cy jednocze\u015bnie od roku 2016 funkcj\u0119 dyrektora zarz\u0105dzaj\u0105cego sp\u00f3\u0142ki. Funkcj\u0119 wiceprezesa zarz\u0105du i dyrektora finansowego firmy obejmuje Karin Jeszt\u00e1k. W sk\u0142adzie Zarz\u0105du, w roli dyrektora administracji pozostaje Agnieszka Zakrzewska.<\/strong><\/p>\n<p>Od 1 wrze\u015bnia 2022 roku powo\u0142ana zosta\u0142a Rada Nadzorcza firmy, w kt\u00f3rej rol\u0119 przewodnicz\u0105cego pe\u0142ni\u0107 b\u0119dzie dotychczasowy prezes Marian Nowak. W sk\u0142ad Rady Nadzorczej wchodzi tak\u017ce dw\u00f3ch cz\u0142onk\u00f3w: radca prawny Zbigniew Klepacz oraz Micha\u0142 Sawicki posiadaj\u0105cy wieloletnie do\u015bwiadczenie w zakresie doradztwa gospodarczego.<\/p>\n<p><a href=\"https:\/\/elektrosystemy.pl\/wp-content\/uploads\/uncategorized\/2022\/09\/06\/nowa-elektro-powolala-nowy-zarzad\/NowaElektro_fgf778_aaa.jpg\"><img loading=\"lazy\" class=\"alignnone wp-image-37172 size-full\" src=\"https:\/\/elektrosystemy.pl\/wp-content\/uploads\/uncategorized\/2022\/09\/06\/nowa-elektro-powolala-nowy-zarzad\/NowaElektro_fgf778_aaa.jpg\" alt=\"Na zdj\u0119ciu od lewej: Agnieszka Zakrzewska, \u0141ukasz Skowro\u0144ski, Marian Nowak, Karin Jeszt\u00e1k, Zbigniew Klepacz\" width=\"1000\" height=\"938\" srcset=\"https:\/\/elektrosystemy.pl\/wp-content\/uploads\/uncategorized\/2022\/09\/06\/nowa-elektro-powolala-nowy-zarzad\/NowaElektro_fgf778_aaa.jpg 1000w, https:\/\/elektrosystemy.pl\/wp-content\/uploads\/uncategorized\/2022\/09\/06\/nowa-elektro-powolala-nowy-zarzad\/NowaElektro_fgf778_aaa-300x281.jpg 300w, https:\/\/elektrosystemy.pl\/wp-content\/uploads\/uncategorized\/2022\/09\/06\/nowa-elektro-powolala-nowy-zarzad\/NowaElektro_fgf778_aaa-768x720.jpg 768w, https:\/\/elektrosystemy.pl\/wp-content\/uploads\/uncategorized\/2022\/09\/06\/nowa-elektro-powolala-nowy-zarzad\/NowaElektro_fgf778_aaa-600x563.jpg 600w\" sizes=\"(max-width: 1000px) 100vw, 1000px\" \/><\/a><span style=\"color: #003366;\"><em>Na zdj\u0119ciu od lewej: Agnieszka Zakrzewska, \u0141ukasz Skowro\u0144ski, Marian Nowak, Karin Jeszt\u00e1k, Zbigniew Klepacz<\/em><\/span><\/p>\n<p><a href=\"https:\/\/elektrosystemy.pl\/wp-content\/uploads\/uncategorized\/2022\/09\/06\/nowa-elektro-powolala-nowy-zarzad\/NowaElektro_fgf778_aaa1.jpg\"><img loading=\"lazy\" class=\"alignnone wp-image-37173 size-full\" src=\"https:\/\/elektrosystemy.pl\/wp-content\/uploads\/uncategorized\/2022\/09\/06\/nowa-elektro-powolala-nowy-zarzad\/NowaElektro_fgf778_aaa1.jpg\" alt=\"Nowy prezes \u0141ukasz Skowro\u0144ski oraz przewodnicz\u0105cy Rady Nadzorczej Marian Nowak\" width=\"800\" height=\"1076\" srcset=\"https:\/\/elektrosystemy.pl\/wp-content\/uploads\/uncategorized\/2022\/09\/06\/nowa-elektro-powolala-nowy-zarzad\/NowaElektro_fgf778_aaa1.jpg 800w, https:\/\/elektrosystemy.pl\/wp-content\/uploads\/uncategorized\/2022\/09\/06\/nowa-elektro-powolala-nowy-zarzad\/NowaElektro_fgf778_aaa1-223x300.jpg 223w, https:\/\/elektrosystemy.pl\/wp-content\/uploads\/uncategorized\/2022\/09\/06\/nowa-elektro-powolala-nowy-zarzad\/NowaElektro_fgf778_aaa1-761x1024.jpg 761w, https:\/\/elektrosystemy.pl\/wp-content\/uploads\/uncategorized\/2022\/09\/06\/nowa-elektro-powolala-nowy-zarzad\/NowaElektro_fgf778_aaa1-768x1033.jpg 768w, https:\/\/elektrosystemy.pl\/wp-content\/uploads\/uncategorized\/2022\/09\/06\/nowa-elektro-powolala-nowy-zarzad\/NowaElektro_fgf778_aaa1-600x807.jpg 600w\" sizes=\"(max-width: 800px) 100vw, 800px\" \/><\/a><span style=\"color: #003366;\"><em>Nowy prezes \u0141ukasz Skowro\u0144ski oraz przewodnicz\u0105cy Rady Nadzorczej Marian Nowak<\/em><\/span><\/p>\n<p>Sie\u0107 hurtowni elektrotechnicznych Nowa Elektro (wcze\u015bniej Nowa France) za\u0142o\u017cona zosta\u0142a w 1989 roku przez Mariana Nowaka \u2013 dotychczasowego prezesa sp\u00f3\u0142ki. Aktualnie skupia 36 oddzia\u0142\u00f3w na terenie ca\u0142ego kraju, zatrudniaj\u0105c ponad 300 os\u00f3b. Nowa Elektro jako wsp\u00f3\u0142za\u0142o\u017cyciel nale\u017cy do grupy zakupowej Fegime Polska.<\/p>\n","protected":false},"excerpt":{"rendered":"<p>Z dniem 1 wrze\u015bnia 2022 roku prezesem zarz\u0105du Nowa Elektro zosta\u0142 \u0141ukasz Skowro\u0144ski, pe\u0142ni\u0105cy jednocze\u015bnie od roku 2016 funkcj\u0119 dyrektora zarz\u0105dzaj\u0105cego sp\u00f3\u0142ki. Funkcj\u0119 wiceprezesa zarz\u0105du i dyrektora finansowego firmy obejmuje Karin Jeszt\u00e1k. W sk\u0142adzie Zarz\u0105du, w roli dyrektora administracji pozostaje Agnieszka Zakrzewska. Od 1 wrze\u015bnia 2022 roku powo\u0142ana zosta\u0142a Rada Nadzorcza firmy, w kt\u00f3rej rol\u0119&hellip;<\/p>\n","protected":false},"author":3,"featured_media":32003,"comment_status":"closed","ping_status":"closed","sticky":false,"template":"","format":"standard","meta":[],"categories":[318,619,323],"tags":[875],"_links":{"self":[{"href":"https:\/\/elektrosystemy.pl\/index.php?rest_route=\/wp\/v2\/posts\/37171"}],"collection":[{"href":"https:\/\/elektrosystemy.pl\/index.php?rest_route=\/wp\/v2\/posts"}],"about":[{"href":"https:\/\/elektrosystemy.pl\/index.php?rest_route=\/wp\/v2\/types\/post"}],"author":[{"embeddable":true,"href":"https:\/\/elektrosystemy.pl\/index.php?rest_route=\/wp\/v2\/users\/3"}],"replies":[{"embeddable":true,"href":"https:\/\/elektrosystemy.pl\/index.php?rest_route=%2Fwp%2Fv2%2Fcomments&post=37171"}],"version-history":[{"count":4,"href":"https:\/\/elektrosystemy.pl\/index.php?rest_route=\/wp\/v2\/posts\/37171\/revisions"}],"predecessor-version":[{"id":37177,"href":"https:\/\/elektrosystemy.pl\/index.php?rest_route=\/wp\/v2\/posts\/37171\/revisions\/37177"}],"wp:featuredmedia":[{"embeddable":true,"href":"https:\/\/elektrosystemy.pl\/index.php?rest_route=\/wp\/v2\/media\/32003"}],"wp:attachment":[{"href":"https:\/\/elektrosystemy.pl\/index.php?rest_route=%2Fwp%2Fv2%2Fmedia&parent=37171"}],"wp:term":[{"taxonomy":"category","embeddable":true,"href":"https:\/\/elektrosystemy.pl\/index.php?rest_route=%2Fwp%2Fv2%2Fcategories&post=37171"},{"taxonomy":"post_tag","embeddable":true,"href":"https:\/\/elektrosystemy.pl\/index.php?rest_route=%2Fwp%2Fv2%2Ftags&post=37171"}],"curies":[{"name":"wp","href":"https:\/\/api.w.org\/{rel}","templated":true}]}}