{"id":37191,"date":"2022-09-09T07:09:18","date_gmt":"2022-09-09T05:09:18","guid":{"rendered":"https:\/\/elektrosystemy.pl\/?p=37191"},"modified":"2022-09-09T11:53:21","modified_gmt":"2022-09-09T09:53:21","slug":"nowa-platforma-eplan-2023","status":"publish","type":"post","link":"https:\/\/elektrosystemy.pl\/?p=37191","title":{"rendered":"Nowa Platforma Eplan 2023"},"content":{"rendered":"<p><strong>Nowa Platforma Eplan 2023 oferuje wiele nowych funkcji, kt\u00f3re u\u0142atwiaj\u0105 jej u\u017cytkowanie i zapewniaj\u0105 oszcz\u0119dno\u015b\u0107 czasu i wi\u0119ksz\u0105 wydajno\u015b\u0107. U\u017cytkownicy mog\u0105 korzysta\u0107 z uproszczonego systemu zarz\u0105dzania danymi urz\u0105dze\u0144, nowego silnika graficznego 3D, zoptymalizowanego edytora kabli oraz nowego centrum wprowadzania. Obs\u0142uga wielu standard\u00f3w eliminuje konieczno\u015b\u0107 zajmowania si\u0119 zarz\u0105dzaniem danymi urz\u0105dze\u0144, kt\u00f3re wcze\u015bniej by\u0142o do\u015b\u0107 czasoch\u0142onne, zw\u0142aszcza w projektach mi\u0119dzynarodowych.<\/strong><\/p>\n<p>Podczas tworzenia dokumentacji dla r\u00f3\u017cnych kraj\u00f3w mo\u017ce si\u0119 zdarzy\u0107, \u017ce urz\u0105dzenie ma kilka r\u00f3\u017cnych wariant\u00f3w reprezentacji schematu. Jedn\u0105 z przyczyn mog\u0105 by\u0107 r\u00f3\u017cne systemy miar (milimetry lub cale) lub r\u00f3\u017cne orientacje schemat\u00f3w. Poza tym wiele firm okre\u015bla r\u00f3wnie\u017c specjalne reprezentacje uk\u0142adu w zale\u017cno\u015bci od w\u0142asnych standard\u00f3w wewn\u0119trznych lub standard\u00f3w dostawc\u00f3w. Dzi\u0119ki nowej Platformie Eplan 2023 mo\u017cna zapisa\u0107 r\u00f3\u017cne makra schemat\u00f3w dla jednego urz\u0105dzenia w systemie zarz\u0105dzania urz\u0105dzeniami, do dziesi\u0119ciu makr zgodnych z mi\u0119dzynarodowymi normami i standardami (m.in. IEC, NFPA) oraz dziesi\u0119\u0107 dodatkowych makr zgodnych z wymaganiami specyficznymi dla firmy. Kolejn\u0105 praktyczn\u0105 cech\u0105 jest to, \u017ce oprogramowanie automatycznie przypisuje odpowiednie makro do urz\u0105dzenia, gdy zostanie przypisany odpowiedni standard do projektu. Wystarczy przeci\u0105gn\u0105\u0107 i upu\u015bci\u0107 urz\u0105dzenie na schemat.<\/p>\n<p><a href=\"https:\/\/elektrosystemy.pl\/wp-content\/uploads\/uncategorized\/2022\/09\/07\/nowa-platforma-eplan-2023\/EPLAN20223_1.jpg\"><img loading=\"lazy\" class=\"alignnone wp-image-37193 size-full\" src=\"https:\/\/elektrosystemy.pl\/wp-content\/uploads\/uncategorized\/2022\/09\/07\/nowa-platforma-eplan-2023\/EPLAN20223_1.jpg\" alt=\"Specyficzne dla firm standardy, takie jak wytyczne, specyfikacje wymiar\u00f3w i r\u00f3\u017cne standardy \u015bwiatowe, na przyk\u0142ad NFPA, mo\u017cna obecnie \u0142atwo przedstawi\u0107 za pomoc\u0105 nowego systemu zarz\u0105dzania urz\u0105dzeniami\" width=\"1200\" height=\"675\" srcset=\"https:\/\/elektrosystemy.pl\/wp-content\/uploads\/uncategorized\/2022\/09\/07\/nowa-platforma-eplan-2023\/EPLAN20223_1.jpg 1200w, https:\/\/elektrosystemy.pl\/wp-content\/uploads\/uncategorized\/2022\/09\/07\/nowa-platforma-eplan-2023\/EPLAN20223_1-300x169.jpg 300w, https:\/\/elektrosystemy.pl\/wp-content\/uploads\/uncategorized\/2022\/09\/07\/nowa-platforma-eplan-2023\/EPLAN20223_1-1024x576.jpg 1024w, https:\/\/elektrosystemy.pl\/wp-content\/uploads\/uncategorized\/2022\/09\/07\/nowa-platforma-eplan-2023\/EPLAN20223_1-768x432.jpg 768w, https:\/\/elektrosystemy.pl\/wp-content\/uploads\/uncategorized\/2022\/09\/07\/nowa-platforma-eplan-2023\/EPLAN20223_1-600x338.jpg 600w\" sizes=\"(max-width: 1200px) 100vw, 1200px\" \/><\/a><span style=\"color: #003366;\"><em>Specyficzne dla firm standardy, takie jak wytyczne, specyfikacje wymiar\u00f3w i r\u00f3\u017cne standardy \u015bwiatowe, na przyk\u0142ad NFPA, mo\u017cna obecnie \u0142atwo przedstawi\u0107 za pomoc\u0105 nowego systemu zarz\u0105dzania urz\u0105dzeniami<\/em><\/span><\/p>\n<p><strong>Eplan eStock &#8211; zarz\u0105dzanie urz\u0105dzeniami w chmurze<br \/>\n<\/strong>Eplan eStock to oparte na chmurze oprogramowanie umo\u017cliwiaj\u0105ce centralny dost\u0119p do wewn\u0119trznej bazy danych urz\u0105dze\u0144 firmy, bez konieczno\u015bci tworzenia dodatkowej infrastruktury IT. Dzi\u0119ki niemu wsp\u00f3\u0142praca mi\u0119dzy uczestnikami projektu jest \u0142atwiejsza, co wp\u0142ywa na skr\u00f3cenie czasu koordynacji oraz eliminuje zak\u0142\u00f3cenia. Dost\u0119p do Eplan eStock dzia\u0142a niezale\u017cnie od lokalizacji firmy &#8211; wszyscy uczestnicy mog\u0105 bezpiecznie uzyska\u0107 dost\u0119p do danych urz\u0105dze\u0144 w chmurze, niezale\u017cnie od tego, czy pracuj\u0105 w domu, znajduj\u0105 si\u0119 w innej lokalizacji firmy gdziekolwiek na \u015bwiecie, czy dziel\u0105 si\u0119 danymi z partnerami biznesowymi.<\/p>\n<p><strong>Silnik graficzny 3D zapewnia wi\u0119ksz\u0105 wydajno\u015b\u0107<br \/>\n<\/strong>Maszyny i instalacje staj\u0105 si\u0119 coraz bardziej zautomatyzowane, a cyfrowy bli\u017aniak staje si\u0119 integraln\u0105 cz\u0119\u015bci\u0105 proces\u00f3w in\u017cynierii szaf sterowniczych i rozdzielnic. Towarzyszy temu rosn\u0105ca z\u0142o\u017cono\u015b\u0107 i coraz wi\u0119ksze wymagania w zakresie strukturyzacji modeli 3D uk\u0142ad\u00f3w szaf sterowniczych. Dzi\u0119ki nowemu silnikowi graficznemu Engine Direct3D, firma Eplan znacznie przyspieszy\u0142a procesy projektowe. Renderowanie 3D sta\u0142o si\u0119 znacznie szybsze, a czynno\u015bci, takie jak powi\u0119kszanie lub obracanie, p\u0142ynniejsze i \u0142atwiejsze.<\/p>\n<p><a href=\"https:\/\/elektrosystemy.pl\/wp-content\/uploads\/uncategorized\/2022\/09\/07\/nowa-platforma-eplan-2023\/EPLAN20223_2.jpg\"><img loading=\"lazy\" class=\"alignnone wp-image-37194 size-full\" src=\"https:\/\/elektrosystemy.pl\/wp-content\/uploads\/uncategorized\/2022\/09\/07\/nowa-platforma-eplan-2023\/EPLAN20223_2.jpg\" alt=\"Nowy silnik graficzny 3D sprawia, \u017ce takie operacje, jak powi\u0119kszanie lub obracanie s\u0105 znacznie p\u0142ynniejsze i \u0142atwiejsze\" width=\"1200\" height=\"675\" srcset=\"https:\/\/elektrosystemy.pl\/wp-content\/uploads\/uncategorized\/2022\/09\/07\/nowa-platforma-eplan-2023\/EPLAN20223_2.jpg 1200w, https:\/\/elektrosystemy.pl\/wp-content\/uploads\/uncategorized\/2022\/09\/07\/nowa-platforma-eplan-2023\/EPLAN20223_2-300x169.jpg 300w, https:\/\/elektrosystemy.pl\/wp-content\/uploads\/uncategorized\/2022\/09\/07\/nowa-platforma-eplan-2023\/EPLAN20223_2-1024x576.jpg 1024w, https:\/\/elektrosystemy.pl\/wp-content\/uploads\/uncategorized\/2022\/09\/07\/nowa-platforma-eplan-2023\/EPLAN20223_2-768x432.jpg 768w, https:\/\/elektrosystemy.pl\/wp-content\/uploads\/uncategorized\/2022\/09\/07\/nowa-platforma-eplan-2023\/EPLAN20223_2-600x338.jpg 600w\" sizes=\"(max-width: 1200px) 100vw, 1200px\" \/><\/a><span style=\"color: #003366;\"><em>Nowy silnik graficzny 3D sprawia, \u017ce takie operacje, jak powi\u0119kszanie lub obracanie s\u0105 znacznie p\u0142ynniejsze i \u0142atwiejsze<\/em><\/span><\/p>\n<p><strong>Edytor do zoptymalizowanego zarz\u0105dzania kablami<br \/>\n<\/strong>Platforma Eplan 2023 upraszcza r\u00f3wnie\u017c okablowanie szaf sterowniczych, kt\u00f3re s\u0105 rozproszone na terenie zak\u0142adu w spos\u00f3b zdecentralizowany. Na przyk\u0142ad, nowy edytor kabli u\u0142atwia zarz\u0105dzanie nimi i ich wizualizacj\u0119 na Platformie Eplan, niezale\u017cnie od liczby \u017cy\u0142. Numer i typ urz\u0105dzenia, \u017ar\u00f3d\u0142o i miejsce docelowe oraz ekranowanie i po\u0142\u0105czenie s\u0105 wy\u015bwietlane graficznie w jednym oknie dialogowym. Nowy edytor okablowania, stanowi\u0105cy podstaw\u0119 do okablowania maszyn wirtualnych, u\u0142atwia okre\u015blenie d\u0142ugo\u015bci okablowania w Eplan Harness proD. Informacje o kablach s\u0105 widoczne na pierwszy rzut oka, pocz\u0105wszy od \u017ar\u00f3d\u0142a, a\u017c do miejsca docelowego.<\/p>\n<p><img loading=\"lazy\" class=\"alignnone wp-image-37195 size-full\" src=\"https:\/\/elektrosystemy.pl\/wp-content\/uploads\/uncategorized\/2022\/09\/07\/nowa-platforma-eplan-2023\/EPLAN20223_3.jpg\" alt=\"Rozszerzone Centrum wprowadzania w Platformie Eplan 2023 zapewnia lepszy przegl\u0105d projektu. U\u017cytkownicy mog\u0105 r\u00f3wnie\u017c intuicyjnie wyszukiwa\u0107 urz\u0105dzenia, nawet w dokumentach zewn\u0119trznych lub po\u0142\u0105czonych\" width=\"1200\" height=\"674\" srcset=\"https:\/\/elektrosystemy.pl\/wp-content\/uploads\/uncategorized\/2022\/09\/07\/nowa-platforma-eplan-2023\/EPLAN20223_3.jpg 1200w, https:\/\/elektrosystemy.pl\/wp-content\/uploads\/uncategorized\/2022\/09\/07\/nowa-platforma-eplan-2023\/EPLAN20223_3-300x169.jpg 300w, https:\/\/elektrosystemy.pl\/wp-content\/uploads\/uncategorized\/2022\/09\/07\/nowa-platforma-eplan-2023\/EPLAN20223_3-1024x575.jpg 1024w, https:\/\/elektrosystemy.pl\/wp-content\/uploads\/uncategorized\/2022\/09\/07\/nowa-platforma-eplan-2023\/EPLAN20223_3-768x431.jpg 768w, https:\/\/elektrosystemy.pl\/wp-content\/uploads\/uncategorized\/2022\/09\/07\/nowa-platforma-eplan-2023\/EPLAN20223_3-600x337.jpg 600w\" sizes=\"(max-width: 1200px) 100vw, 1200px\" \/><span style=\"color: #003366;\"><em>Rozszerzone Centrum wprowadzania w Platformie Eplan 2023 zapewnia lepszy przegl\u0105d projektu. U\u017cytkownicy mog\u0105 r\u00f3wnie\u017c intuicyjnie wyszukiwa\u0107 urz\u0105dzenia, nawet w dokumentach zewn\u0119trznych lub po\u0142\u0105czonych<\/em><\/span><\/p>\n<p><strong>Centrum wprowadzania &#8211; lepszy przegl\u0105d projektu<br \/>\n<\/strong>Rozszerzone Centrum wprowadzania w Platformie Eplan 2023 zapewnia lepszy przegl\u0105d projektu. Symbole, makra i urz\u0105dzenia mog\u0105 by\u0107 wy\u015bwietlane w bardziej przejrzysty spos\u00f3b, jako tabela w oknie dialogowym. U\u017cytkownicy mog\u0105 r\u00f3wnie\u017c wyszukiwa\u0107 urz\u0105dzenia, nawet w zewn\u0119trznych lub po\u0142\u0105czonych dokumentach. Je\u015bli nale\u017cy sprawdzi\u0107, kt\u00f3re komponenty wymagaj\u0105 odpowiedniego pr\u0105du, wystarczy klikn\u0105\u0107 w tabel\u0119, a informacje logiczne staj\u0105 si\u0119 bezpo\u015brednio widoczne. Nowa funkcja tagowania u\u0142atwia r\u00f3wnie\u017c nawigacj\u0119, a logiczne \u015bcie\u017cki wyboru i lepsze struktury projekt\u00f3w przyspieszaj\u0105 zar\u00f3wno wyszukiwanie, jak i og\u00f3lne planowanie projektu. Nowy interfejs do programu Microsoft Excel u\u0142atwia prac\u0119 u\u017cytkownikom, gdy\u017c nie trzeba samodzielnie instalowa\u0107 oprogramowania, aby wyprowadza\u0107 dane w tym formacie.<\/p>\n","protected":false},"excerpt":{"rendered":"<p>Nowa Platforma Eplan 2023 oferuje wiele nowych funkcji, kt\u00f3re u\u0142atwiaj\u0105 jej u\u017cytkowanie i zapewniaj\u0105 oszcz\u0119dno\u015b\u0107 czasu i wi\u0119ksz\u0105 wydajno\u015b\u0107. U\u017cytkownicy mog\u0105 korzysta\u0107 z uproszczonego systemu zarz\u0105dzania danymi urz\u0105dze\u0144, nowego silnika graficznego 3D, zoptymalizowanego edytora kabli oraz nowego centrum wprowadzania. Obs\u0142uga wielu standard\u00f3w eliminuje konieczno\u015b\u0107 zajmowania si\u0119 zarz\u0105dzaniem danymi urz\u0105dze\u0144, kt\u00f3re wcze\u015bniej by\u0142o do\u015b\u0107 czasoch\u0142onne, zw\u0142aszcza&hellip;<\/p>\n","protected":false},"author":3,"featured_media":37192,"comment_status":"closed","ping_status":"closed","sticky":false,"template":"","format":"standard","meta":[],"categories":[322],"tags":[1414],"_links":{"self":[{"href":"https:\/\/elektrosystemy.pl\/index.php?rest_route=\/wp\/v2\/posts\/37191"}],"collection":[{"href":"https:\/\/elektrosystemy.pl\/index.php?rest_route=\/wp\/v2\/posts"}],"about":[{"href":"https:\/\/elektrosystemy.pl\/index.php?rest_route=\/wp\/v2\/types\/post"}],"author":[{"embeddable":true,"href":"https:\/\/elektrosystemy.pl\/index.php?rest_route=\/wp\/v2\/users\/3"}],"replies":[{"embeddable":true,"href":"https:\/\/elektrosystemy.pl\/index.php?rest_route=%2Fwp%2Fv2%2Fcomments&post=37191"}],"version-history":[{"count":1,"href":"https:\/\/elektrosystemy.pl\/index.php?rest_route=\/wp\/v2\/posts\/37191\/revisions"}],"predecessor-version":[{"id":37196,"href":"https:\/\/elektrosystemy.pl\/index.php?rest_route=\/wp\/v2\/posts\/37191\/revisions\/37196"}],"wp:featuredmedia":[{"embeddable":true,"href":"https:\/\/elektrosystemy.pl\/index.php?rest_route=\/wp\/v2\/media\/37192"}],"wp:attachment":[{"href":"https:\/\/elektrosystemy.pl\/index.php?rest_route=%2Fwp%2Fv2%2Fmedia&parent=37191"}],"wp:term":[{"taxonomy":"category","embeddable":true,"href":"https:\/\/elektrosystemy.pl\/index.php?rest_route=%2Fwp%2Fv2%2Fcategories&post=37191"},{"taxonomy":"post_tag","embeddable":true,"href":"https:\/\/elektrosystemy.pl\/index.php?rest_route=%2Fwp%2Fv2%2Ftags&post=37191"}],"curies":[{"name":"wp","href":"https:\/\/api.w.org\/{rel}","templated":true}]}}