{"id":37252,"date":"2022-10-18T06:46:12","date_gmt":"2022-10-18T04:46:12","guid":{"rendered":"https:\/\/elektrosystemy.pl\/?p=37252"},"modified":"2022-10-18T12:53:46","modified_gmt":"2022-10-18T10:53:46","slug":"hew-kabel-przejal-habia-cable","status":"publish","type":"post","link":"https:\/\/elektrosystemy.pl\/?p=37252","title":{"rendered":"HEW-KABEL przej\u0105\u0142 Habia Cable"},"content":{"rendered":"<p><strong>HEW-KABEL i Habia Cable to firmy specjalizuj\u0105ce si\u0119 w opracowywaniu rozwi\u0105za\u0144 kablowych dostosowanych dla potrzeb wymagaj\u0105cych aplikacji oraz pracy w trudnych warunk\u00f3w. Zako\u0144czone 14 pa\u017adziernika po\u0142\u0105czenie mocy technicznych, produkcyjnych i handlowych obu firm zapewni im wi\u0119kszy potencja\u0142 i konkurencyjno\u015b\u0107.<\/strong><\/p>\n<p>W komunikacie napisano, i\u017c celem przej\u0119cia jest po\u0142\u0105czenie dw\u00f3ch firm w specjalistyczn\u0105 grup\u0119 ds. kabli i \u0142\u0105czno\u015bci obs\u0142uguj\u0105c\u0105 globalny rynek.<\/p>\n<p>&#8211; <em>Jeste\u015bmy przekonani, \u017ce fuzja naszych dw\u00f3ch firm \u2013 oraz po\u0142\u0105czenie naszej wiedzy i zasob\u00f3w \u2013 zaowocuje silniejsz\u0105, bardziej mi\u0119dzynarodow\u0105 firm\u0105 z szersz\u0105 technologi\u0105, otwieraj\u0105c\u0105 nowe mo\u017cliwo\u015bci dla naszych klient\u00f3w<\/em> \u2013 powiedzia\u0142 Peter Van Loo, dyrektor generalny HEW-KABEL.<br \/>\nDo czasu ca\u0142kowitego zako\u0144czenia fuzji, firmy b\u0119d\u0105 funkcjonowa\u0142y tak jak dotychczas.<br \/>\n14 wrze\u015bnia Habia Cable oficjalnie otworzy\u0142a nowy zak\u0142ad produkcyjny w Polsce.<\/p>\n","protected":false},"excerpt":{"rendered":"<p>HEW-KABEL i Habia Cable to firmy specjalizuj\u0105ce si\u0119 w opracowywaniu rozwi\u0105za\u0144 kablowych dostosowanych dla potrzeb wymagaj\u0105cych aplikacji oraz pracy w trudnych warunk\u00f3w. Zako\u0144czone 14 pa\u017adziernika po\u0142\u0105czenie mocy technicznych, produkcyjnych i handlowych obu firm zapewni im wi\u0119kszy potencja\u0142 i konkurencyjno\u015b\u0107. W komunikacie napisano, i\u017c celem przej\u0119cia jest po\u0142\u0105czenie dw\u00f3ch firm w specjalistyczn\u0105 grup\u0119 ds. kabli i&hellip;<\/p>\n","protected":false},"author":3,"featured_media":37253,"comment_status":"closed","ping_status":"closed","sticky":false,"template":"","format":"standard","meta":[],"categories":[323,335],"tags":[2448,2511],"_links":{"self":[{"href":"https:\/\/elektrosystemy.pl\/index.php?rest_route=\/wp\/v2\/posts\/37252"}],"collection":[{"href":"https:\/\/elektrosystemy.pl\/index.php?rest_route=\/wp\/v2\/posts"}],"about":[{"href":"https:\/\/elektrosystemy.pl\/index.php?rest_route=\/wp\/v2\/types\/post"}],"author":[{"embeddable":true,"href":"https:\/\/elektrosystemy.pl\/index.php?rest_route=\/wp\/v2\/users\/3"}],"replies":[{"embeddable":true,"href":"https:\/\/elektrosystemy.pl\/index.php?rest_route=%2Fwp%2Fv2%2Fcomments&post=37252"}],"version-history":[{"count":1,"href":"https:\/\/elektrosystemy.pl\/index.php?rest_route=\/wp\/v2\/posts\/37252\/revisions"}],"predecessor-version":[{"id":37254,"href":"https:\/\/elektrosystemy.pl\/index.php?rest_route=\/wp\/v2\/posts\/37252\/revisions\/37254"}],"wp:featuredmedia":[{"embeddable":true,"href":"https:\/\/elektrosystemy.pl\/index.php?rest_route=\/wp\/v2\/media\/37253"}],"wp:attachment":[{"href":"https:\/\/elektrosystemy.pl\/index.php?rest_route=%2Fwp%2Fv2%2Fmedia&parent=37252"}],"wp:term":[{"taxonomy":"category","embeddable":true,"href":"https:\/\/elektrosystemy.pl\/index.php?rest_route=%2Fwp%2Fv2%2Fcategories&post=37252"},{"taxonomy":"post_tag","embeddable":true,"href":"https:\/\/elektrosystemy.pl\/index.php?rest_route=%2Fwp%2Fv2%2Ftags&post=37252"}],"curies":[{"name":"wp","href":"https:\/\/api.w.org\/{rel}","templated":true}]}}