{"id":37293,"date":"2022-11-04T13:46:28","date_gmt":"2022-11-04T12:46:28","guid":{"rendered":"https:\/\/elektrosystemy.pl\/?p=37293"},"modified":"2022-11-04T13:46:28","modified_gmt":"2022-11-04T12:46:28","slug":"przychody-tim-w-pazdzierniku-wzrosly-o-71","status":"publish","type":"post","link":"https:\/\/elektrosystemy.pl\/?p=37293","title":{"rendered":"Przychody TIM w pa\u017adzierniku wzros\u0142y o 7,1%"},"content":{"rendered":"<p><strong>Ze wst\u0119pnych szacunk\u00f3w wynika, \u017ce w pa\u017adzierniku 2022 r. miesi\u0119czne przychody TIM SA ze sprzeda\u017cy netto towar\u00f3w i us\u0142ug zwi\u0105zanych bezpo\u015brednio ze sprzeda\u017c\u0105 towar\u00f3w wynios\u0142y 128,8 mln z\u0142 (+7,1% rdr.). <\/strong><\/p>\n<p>Po 10 miesi\u0105cach 2022 r. ca\u0142kowite przychody ze sprzeda\u017cy s\u0105 wy\u017csze o 18% ni\u017c w analogicznym okresie 2021 r. (1,22 vs 1,03 mld z\u0142), za\u015b przychody ze sprzeda\u017cy online realizowanej samodzielnie przez klient\u00f3w \u2013 o 16,3% (849,2 vs 730,3 mln z\u0142). Przychody ze sprzeda\u017cy online realizowanej samodzielnie przez klient\u00f3w wzros\u0142y w pa\u017adzierniku 2022 r. o 0,8 % rdr. &#8211; do 87,2 mln z\u0142.<br \/>\n\u2013 <em>Bior\u0105c pod uwag\u0119, \u017ce wyniki sprzeda\u017cowe marca by\u0142y nienaturalnie wysokie z powodu wybuchu wojny za nasz\u0105 wschodni\u0105 granic\u0105, co zaowocowa\u0142o niepewno\u015bci\u0105 w zakresie dost\u0119pno\u015bci produkt\u00f3w, pa\u017adziernik by\u0142 pod wzgl\u0119dem sprzeda\u017cy najlepszym miesi\u0105cem 2022 roku. Osi\u0105gn\u0119li\u015bmy to pomimo d\u0142ugiego weekendu, kt\u00f3ry przypad\u0142 na ostatni dzie\u0144 roboczy tego miesi\u0105ca<\/em> \u2013 podkre\u015bla Krzysztof Folta, prezes zarz\u0105du TIM SA.<br \/>\n\u2013 <em>Procentowy wzrost sprzeda\u017cy rok do roku by\u0142 w pa\u017adzierniku 2022 roku najwy\u017cszy spo\u015br\u00f3d wszystkich miesi\u0119cy drugiego p\u00f3\u0142rocza. Rok temu najwy\u017cszy poziom sprzeda\u017cy zanotowali\u015bmy we wrze\u015bniu, dwa lata temu \u2013 w listopadzie. W pa\u017adzierniku 2022 roku z oferty TIM-u skorzysta\u0142o ponad 20,5 tysi\u0105ca klient\u00f3w, co oznacza rekordowy miesi\u0105c w ca\u0142ej historii sp\u00f3\u0142ki. To znakomity rezultat niemal w przededniu trzydziestych pi\u0105tych urodzin TIM-u, kt\u00f3re przypadaj\u0105 25 listopada<\/em> \u2013 dodaje Krzysztof Folta.<\/p>\n","protected":false},"excerpt":{"rendered":"<p>Ze wst\u0119pnych szacunk\u00f3w wynika, \u017ce w pa\u017adzierniku 2022 r. miesi\u0119czne przychody TIM SA ze sprzeda\u017cy netto towar\u00f3w i us\u0142ug zwi\u0105zanych bezpo\u015brednio ze sprzeda\u017c\u0105 towar\u00f3w wynios\u0142y 128,8 mln z\u0142 (+7,1% rdr.). Po 10 miesi\u0105cach 2022 r. ca\u0142kowite przychody ze sprzeda\u017cy s\u0105 wy\u017csze o 18% ni\u017c w analogicznym okresie 2021 r. (1,22 vs 1,03 mld z\u0142), za\u015b&hellip;<\/p>\n","protected":false},"author":3,"featured_media":36843,"comment_status":"closed","ping_status":"closed","sticky":false,"template":"","format":"standard","meta":[],"categories":[318,619,323],"tags":[347],"_links":{"self":[{"href":"https:\/\/elektrosystemy.pl\/index.php?rest_route=\/wp\/v2\/posts\/37293"}],"collection":[{"href":"https:\/\/elektrosystemy.pl\/index.php?rest_route=\/wp\/v2\/posts"}],"about":[{"href":"https:\/\/elektrosystemy.pl\/index.php?rest_route=\/wp\/v2\/types\/post"}],"author":[{"embeddable":true,"href":"https:\/\/elektrosystemy.pl\/index.php?rest_route=\/wp\/v2\/users\/3"}],"replies":[{"embeddable":true,"href":"https:\/\/elektrosystemy.pl\/index.php?rest_route=%2Fwp%2Fv2%2Fcomments&post=37293"}],"version-history":[{"count":1,"href":"https:\/\/elektrosystemy.pl\/index.php?rest_route=\/wp\/v2\/posts\/37293\/revisions"}],"predecessor-version":[{"id":37294,"href":"https:\/\/elektrosystemy.pl\/index.php?rest_route=\/wp\/v2\/posts\/37293\/revisions\/37294"}],"wp:featuredmedia":[{"embeddable":true,"href":"https:\/\/elektrosystemy.pl\/index.php?rest_route=\/wp\/v2\/media\/36843"}],"wp:attachment":[{"href":"https:\/\/elektrosystemy.pl\/index.php?rest_route=%2Fwp%2Fv2%2Fmedia&parent=37293"}],"wp:term":[{"taxonomy":"category","embeddable":true,"href":"https:\/\/elektrosystemy.pl\/index.php?rest_route=%2Fwp%2Fv2%2Fcategories&post=37293"},{"taxonomy":"post_tag","embeddable":true,"href":"https:\/\/elektrosystemy.pl\/index.php?rest_route=%2Fwp%2Fv2%2Ftags&post=37293"}],"curies":[{"name":"wp","href":"https:\/\/api.w.org\/{rel}","templated":true}]}}