{"id":37303,"date":"2022-11-09T14:15:35","date_gmt":"2022-11-09T13:15:35","guid":{"rendered":"https:\/\/elektrosystemy.pl\/?p=37303"},"modified":"2022-11-09T14:15:35","modified_gmt":"2022-11-09T13:15:35","slug":"kozienickie-linie-elektroenergetyczne-schodza-pod-ziemie","status":"publish","type":"post","link":"https:\/\/elektrosystemy.pl\/?p=37303","title":{"rendered":"Kozienickie linie elektroenergetyczne schodz\u0105 pod ziemi\u0119"},"content":{"rendered":"<p><strong>Blisko 23 km linii napowietrznej \u015bredniego napi\u0119cia (SN) w gminie Kozienice zostanie zast\u0105pionych liniami kablowymi SN. PGE Dystrybucja Oddzia\u0142 Skar\u017cysko-Kamienna rozpocz\u0119\u0142a realizacj\u0119 zada\u0144 inwestycyjnych w Rejonie Energetycznym Kozienice.<\/strong><\/p>\n<p>Skar\u017cyski oddzia\u0142 sp\u00f3\u0142ki rozpocz\u0105\u0142 w gminie Kozienice realizacj\u0119 zada\u0144 zwi\u0105zanych z po\u0142o\u017ceniem kabli przesy\u0142owych pod powierzchni\u0119 ziemi. Zast\u0105pienie linii napowietrznych liniami kablowymi podniesie poziom niezawodno\u015bci dostaw energii elektrycznej do odbiorc\u00f3w.<\/p>\n<p>&#8211; <em>W\u015br\u00f3d zaplanowanych inwestycji w naszym oddziale znalaz\u0142y si\u0119 zadania zwi\u0105zane z przebudow\u0105 linii napowietrznych \u015bredniego napi\u0119cia na linie kablowe po\u0142o\u017cone pod powierzchni\u0105 ziemi r\u00f3wnie\u017c w gminie Kozienice. Rozpoczynamy na tym terenie siedem zada\u0144, kt\u00f3re przyczyni\u0105 si\u0119 do poprawy niezawodno\u015bci dostaw energii elektrycznej. Warto\u015b\u0107 inwestycji to prawie 8,9 mln z\u0142<\/em> \u2013 m\u00f3wi Wojciech Nita, dyrektor generalny PGE Dystrybucja Oddzia\u0142 Skar\u017cysko-Kamienna.<\/p>\n<p>Obecne linie napowietrzne znajdowa\u0142y si\u0119 na terenach zalesionych i bagnistych, co w czasie niespodziewanych zjawisk atmosferycznych utrudnia\u0142o usuwanie awarii i wp\u0142ywa\u0142o na czas przywracania zasilania. Cz\u0119\u015b\u0107 istniej\u0105cej sieci energetycznej obj\u0119tej programem kablowania przebiega przez Ostoj\u0119 Kozienick\u0105 zakwalifikowan\u0105 jako obszar specjalnej ochrony ptak\u00f3w Natura 2000. Dzia\u0142ania sp\u00f3\u0142ki s\u0105 podyktowane r\u00f3wnie\u017c trosk\u0105 o \u015brodowisko naturalne \u2013 zabezpieczenie kabli i umiejscowienie ich pod powierzchni\u0105 ziemi zmniejszy ich podatno\u015b\u0107 na uszkodzenia, a tym samym zminimalizuje potrzeb\u0119 interwencji w obszarach obj\u0119tych ochron\u0105.<\/p>\n<p>Inwestycja zosta\u0142a dofinansowana ze \u015brodk\u00f3w z rz\u0105dowego Funduszu Reprywatyzacyjnego w ramach projektu \u201eDystrybucja Przysz\u0142o\u015bci\u201d obejmuj\u0105cego modernizacj\u0119 i rozw\u00f3j sieci, spe\u0142niaj\u0105c tym samym za\u0142o\u017cenia strategii Grupy PGE wpisanych w Polityk\u0119 Energetyczn\u0105 Polski.<\/p>\n","protected":false},"excerpt":{"rendered":"<p>Blisko 23 km linii napowietrznej \u015bredniego napi\u0119cia (SN) w gminie Kozienice zostanie zast\u0105pionych liniami kablowymi SN. PGE Dystrybucja Oddzia\u0142 Skar\u017cysko-Kamienna rozpocz\u0119\u0142a realizacj\u0119 zada\u0144 inwestycyjnych w Rejonie Energetycznym Kozienice. Skar\u017cyski oddzia\u0142 sp\u00f3\u0142ki rozpocz\u0105\u0142 w gminie Kozienice realizacj\u0119 zada\u0144 zwi\u0105zanych z po\u0142o\u017ceniem kabli przesy\u0142owych pod powierzchni\u0119 ziemi. Zast\u0105pienie linii napowietrznych liniami kablowymi podniesie poziom niezawodno\u015bci dostaw energii&hellip;<\/p>\n","protected":false},"author":3,"featured_media":37304,"comment_status":"closed","ping_status":"closed","sticky":false,"template":"","format":"standard","meta":[],"categories":[850],"tags":[679,424],"_links":{"self":[{"href":"https:\/\/elektrosystemy.pl\/index.php?rest_route=\/wp\/v2\/posts\/37303"}],"collection":[{"href":"https:\/\/elektrosystemy.pl\/index.php?rest_route=\/wp\/v2\/posts"}],"about":[{"href":"https:\/\/elektrosystemy.pl\/index.php?rest_route=\/wp\/v2\/types\/post"}],"author":[{"embeddable":true,"href":"https:\/\/elektrosystemy.pl\/index.php?rest_route=\/wp\/v2\/users\/3"}],"replies":[{"embeddable":true,"href":"https:\/\/elektrosystemy.pl\/index.php?rest_route=%2Fwp%2Fv2%2Fcomments&post=37303"}],"version-history":[{"count":1,"href":"https:\/\/elektrosystemy.pl\/index.php?rest_route=\/wp\/v2\/posts\/37303\/revisions"}],"predecessor-version":[{"id":37305,"href":"https:\/\/elektrosystemy.pl\/index.php?rest_route=\/wp\/v2\/posts\/37303\/revisions\/37305"}],"wp:featuredmedia":[{"embeddable":true,"href":"https:\/\/elektrosystemy.pl\/index.php?rest_route=\/wp\/v2\/media\/37304"}],"wp:attachment":[{"href":"https:\/\/elektrosystemy.pl\/index.php?rest_route=%2Fwp%2Fv2%2Fmedia&parent=37303"}],"wp:term":[{"taxonomy":"category","embeddable":true,"href":"https:\/\/elektrosystemy.pl\/index.php?rest_route=%2Fwp%2Fv2%2Fcategories&post=37303"},{"taxonomy":"post_tag","embeddable":true,"href":"https:\/\/elektrosystemy.pl\/index.php?rest_route=%2Fwp%2Fv2%2Ftags&post=37303"}],"curies":[{"name":"wp","href":"https:\/\/api.w.org\/{rel}","templated":true}]}}