{"id":5499,"date":"2015-02-01T11:40:33","date_gmt":"2015-02-01T10:40:33","guid":{"rendered":"http:\/\/www.wp.elektrosystemy.pl\/?p=5499"},"modified":"2015-01-30T12:00:46","modified_gmt":"2015-01-30T11:00:46","slug":"tele-fonika-dostarcza-kable-do-akceleratora-petra-iii","status":"publish","type":"post","link":"https:\/\/elektrosystemy.pl\/?p=5499","title":{"rendered":"Tele-Fonika dostarcza kable do akceleratora Petra III"},"content":{"rendered":"<p><strong><a href=\"http:\/\/www.wp.elektrosystemy.pl\/wp-content\/uploads\/aktualnosci\/2015\/01\/30\/kabel-technik-polska-zdobyl-zlecenia-za-350-mln-zl\/ES_02_2015.jpg\"><img loading=\"lazy\" class=\"alignleft wp-image-5494\" src=\"http:\/\/www.wp.elektrosystemy.pl\/wp-content\/uploads\/aktualnosci\/2015\/01\/30\/kabel-technik-polska-zdobyl-zlecenia-za-350-mln-zl\/ES_02_2015-207x300.jpg\" alt=\"ES_02_2015\" width=\"62\" height=\"90\" srcset=\"https:\/\/elektrosystemy.pl\/wp-content\/uploads\/aktualnosci\/2015\/01\/30\/kabel-technik-polska-zdobyl-zlecenia-za-350-mln-zl\/ES_02_2015-207x300.jpg 207w, https:\/\/elektrosystemy.pl\/wp-content\/uploads\/aktualnosci\/2015\/01\/30\/kabel-technik-polska-zdobyl-zlecenia-za-350-mln-zl\/ES_02_2015.jpg 600w\" sizes=\"(max-width: 62px) 100vw, 62px\" \/><\/a>Sp\u00f3\u0142ka Tele-Fonika Kable dostarczy\u0142a kable do niemieckiego Instytutu Badawczego DESY. Rozwi\u0105za\u0144 wyprodukowanych w krakowskim zak\u0142adzie sp\u00f3\u0142ki u\u017cyto do rozbudowy akceleratora cz\u0105stek sta\u0142ych Petra III.<\/strong><\/p>\n<p>Tele-Fonika Kable, najwi\u0119kszy w Polsce i trzeci w Europie producent kabli i przewod\u00f3w, dostarczy\u0142a do Instytutu Badawczego DESY (Deutsches Elektronen-Synchrotron) w Hamburgu kable, kt\u00f3re zosta\u0142y wykorzystane przy rozbudowie akceleratora cz\u0105stek sta\u0142ych Petra III. Kabel dla niemieckiej jednostki badawczej zosta\u0142 zaprojektowany i wyprodukowany w krakowskim zak\u0142adzie sp\u00f3\u0142ki.<br \/>\n\u2013 <em>Jako\u015b\u0107, zaawansowanie technologiczne i terminowo\u015b\u0107 realizacji s\u0105 przepustkami do tak presti\u017cowych kontrakt\u00f3w. Nasi technolodzy nie boj\u0105 si\u0119 najbardziej wyrafinowanych oczekiwa\u0144. Potrafimy sprosta\u0107 ka\u017cdemu zam\u00f3wieniu<\/em> \u2013 podkre\u015bla Ryszard Pilch, prezes sp\u00f3\u0142ki.<br \/>\nKabel z Tele-Foniki Kable to autorska konstrukcja oparta na gi\u0119tkiej \u017cyle miedzianej kl. 5 oraz specjalnych mieszankach izolacyjno-pow\u0142okowych. Ze wzgl\u0119du na przeznaczenie materia\u0142y izolacyjne musia\u0142y spe\u0142ni\u0107 niezwykle ostre wymagania zdefiniowane w normach IEC, m.in.: odporno\u015bci na rozprzestrzenianie p\u0142omienia, ograniczonej emisji dymu i kwa\u015bnych gaz\u00f3w, a tak\u017ce odporno\u015bci na olej, radiacj\u0119, ozon oraz promienie UV.<\/p>\n<p><strong>Akceleratory<\/strong><\/p>\n<p>Akceleratory s\u0105 podstawowymi narz\u0119dziami eksperymentalnej fizyki cz\u0105stek elementarnych, fizyki j\u0105drowej, \u017ar\u00f3de\u0142 \u015bwiat\u0142a czwartej generacji, s\u0105 tak\u017ce stosowane w wielu innych badaniach, przemy\u015ble i medycynie. Urz\u0105dzenia te dziel\u0105 si\u0119 na dwa typy: liniowe i ko\u0142owe. DESY nale\u017cy do najwi\u0119kszych europejskich o\u015brodk\u00f3w naukowych, posiada drugi co do wielko\u015bci w Europie (po CERN-ie) akcelerator cz\u0105stek.<br \/>\nLaboratorium stwarza mo\u017cliwo\u015bci prowadzenia bada\u0144 z u\u017cyciem zainstalowanej w nim aparatury naukowcom z ca\u0142ego \u015bwiata. Regularnie wsp\u00f3\u0142pracuj\u0105 z nim m.in. uczeni z Polski.<br \/>\nAkceleratory dostarczaj\u0105 energii cz\u0105stkom na ca\u0142ej swojej d\u0142ugo\u015bci: im d\u0142u\u017cszy akcelerator, tym wi\u0119ksz\u0105 energi\u0119 mo\u017c-na nada\u0107 przyspieszanym cz\u0105stkom. Aby dostarczy\u0107 energi\u0119 wi\u0105zce cz\u0105stek, w akceleratorach u\u017cywa si\u0119 silnego pola elektrycznego. Poprzez przyspieszanie cz\u0105stek do bardzo du\u017cych energii, a nast\u0119pnie zderzanie ich z tarcz\u0105 lub ze sob\u0105 nawzajem fizycy s\u0105 w stanie rozwija\u0107 wiedz\u0119 na temat si\u0142 dzia\u0142aj\u0105cych pomi\u0119dzy nimi.<br \/>\nW roku 2016 w hamburskim instytucie planowane jest oddanie do u\u017cytku dwukilometrowego akceleratora liniowego i lasera na swobodnych elektronach XFEL \u2013 X-ray free-electron laser. Urz\u0105dzenie to umo\u017cliwi unikatowe badania, w tym m.in. obserwacj\u0119 zachowania pojedynczych atom\u00f3w wchodz\u0105cych w reakcje chemiczne. To przy jego budowie zosta\u0142y wykorzystane kable z krakowskiego zak\u0142adu Tele-Foniki.<\/p>\n<div id=\"attachment_5501\" style=\"width: 610px\" class=\"wp-caption alignnone\"><img aria-describedby=\"caption-attachment-5501\" loading=\"lazy\" class=\"size-full wp-image-5501\" src=\"http:\/\/www.wp.elektrosystemy.pl\/wp-content\/uploads\/uncategorized\/2015\/01\/30\/tele-fonika-dostarcza-kable-do-akceleratora-petra-iii\/tele_fonika_przychody.jpg\" alt=\"PRZYCHODY GRUPY TELE-FONIKA KABLE  (w mld z\u0142)\" width=\"600\" height=\"368\" srcset=\"https:\/\/elektrosystemy.pl\/wp-content\/uploads\/uncategorized\/2015\/01\/30\/tele-fonika-dostarcza-kable-do-akceleratora-petra-iii\/tele_fonika_przychody.jpg 600w, https:\/\/elektrosystemy.pl\/wp-content\/uploads\/uncategorized\/2015\/01\/30\/tele-fonika-dostarcza-kable-do-akceleratora-petra-iii\/tele_fonika_przychody-300x184.jpg 300w\" sizes=\"(max-width: 600px) 100vw, 600px\" \/><p id=\"caption-attachment-5501\" class=\"wp-caption-text\">PRZYCHODY GRUPY TELE-FONIKA KABLE (w mld z\u0142)<\/p><\/div>\n<p><strong>Tele-Fonika Kable<\/strong><\/p>\n<p>Tele-Fonika Kable jest trzecim producentem kabli w Europie. Sp\u00f3\u0142ka eksportuje swoje wyroby do ponad 90 kraj\u00f3w na ca\u0142ym \u015bwiecie. W swoim asortymencie ma 25 tys. typ\u00f3w kabli, kt\u00f3re posiadaj\u0105 stosowne certyfikaty jako\u015bci przyznane przez niezale\u017cne, renomowane jednostki certyfikuj\u0105ce.<br \/>\nW sk\u0142ad Grupy Tele-Fonika Kable wchodz\u0105 sp\u00f3\u0142ki handlowe odpowiadaj\u0105ce za dystrybucj\u0119 wyrob\u00f3w na ca\u0142ym \u015bwiecie, zak\u0142ady produkcyjne (pi\u0119\u0107 zlokalizowanych w Polsce, jeden w Serbii i jeden na Ukrainie) oraz Zak\u0142ad Recyklingu Odpad\u00f3w Kablowych w Bukownie (Polska).<\/p>\n<p>Luty 2015<\/p>\n","protected":false},"excerpt":{"rendered":"<p>Sp\u00f3\u0142ka Tele-Fonika Kable dostarczy\u0142a kable do niemieckiego Instytutu Badawczego DESY. Rozwi\u0105za\u0144 wyprodukowanych w krakowskim zak\u0142adzie sp\u00f3\u0142ki u\u017cyto do rozbudowy akceleratora cz\u0105stek sta\u0142ych Petra III. Tele-Fonika Kable, najwi\u0119kszy w Polsce i trzeci w Europie producent kabli i przewod\u00f3w, dostarczy\u0142a do Instytutu Badawczego DESY (Deutsches Elektronen-Synchrotron) w Hamburgu kable, kt\u00f3re zosta\u0142y wykorzystane przy rozbudowie akceleratora cz\u0105stek sta\u0142ych&hellip;<\/p>\n","protected":false},"author":3,"featured_media":5500,"comment_status":"closed","ping_status":"open","sticky":false,"template":"","format":"standard","meta":[],"categories":[318],"tags":[451],"_links":{"self":[{"href":"https:\/\/elektrosystemy.pl\/index.php?rest_route=\/wp\/v2\/posts\/5499"}],"collection":[{"href":"https:\/\/elektrosystemy.pl\/index.php?rest_route=\/wp\/v2\/posts"}],"about":[{"href":"https:\/\/elektrosystemy.pl\/index.php?rest_route=\/wp\/v2\/types\/post"}],"author":[{"embeddable":true,"href":"https:\/\/elektrosystemy.pl\/index.php?rest_route=\/wp\/v2\/users\/3"}],"replies":[{"embeddable":true,"href":"https:\/\/elektrosystemy.pl\/index.php?rest_route=%2Fwp%2Fv2%2Fcomments&post=5499"}],"version-history":[{"count":3,"href":"https:\/\/elektrosystemy.pl\/index.php?rest_route=\/wp\/v2\/posts\/5499\/revisions"}],"predecessor-version":[{"id":5508,"href":"https:\/\/elektrosystemy.pl\/index.php?rest_route=\/wp\/v2\/posts\/5499\/revisions\/5508"}],"wp:featuredmedia":[{"embeddable":true,"href":"https:\/\/elektrosystemy.pl\/index.php?rest_route=\/wp\/v2\/media\/5500"}],"wp:attachment":[{"href":"https:\/\/elektrosystemy.pl\/index.php?rest_route=%2Fwp%2Fv2%2Fmedia&parent=5499"}],"wp:term":[{"taxonomy":"category","embeddable":true,"href":"https:\/\/elektrosystemy.pl\/index.php?rest_route=%2Fwp%2Fv2%2Fcategories&post=5499"},{"taxonomy":"post_tag","embeddable":true,"href":"https:\/\/elektrosystemy.pl\/index.php?rest_route=%2Fwp%2Fv2%2Ftags&post=5499"}],"curies":[{"name":"wp","href":"https:\/\/api.w.org\/{rel}","templated":true}]}}