{"id":6960,"date":"2008-11-14T21:42:10","date_gmt":"2008-11-14T20:42:10","guid":{"rendered":"http:\/\/www.wp.elektrosystemy.pl\/?p=6960"},"modified":"2017-01-16T10:53:14","modified_gmt":"2017-01-16T09:53:14","slug":"opieramy-nasz-biznes-na-trzech-filarach","status":"publish","type":"post","link":"https:\/\/elektrosystemy.pl\/?p=6960","title":{"rendered":"Opieramy nasz biznes na trzech filarach"},"content":{"rendered":"<p><strong><a href=\"http:\/\/elektrosystemy.pl\/wp-content\/uploads\/2015\/07\/07\/listopad-2008\/ES_11_2008.jpg\"><img loading=\"lazy\" class=\"alignleft wp-image-9409\" src=\"http:\/\/elektrosystemy.pl\/wp-content\/uploads\/2015\/07\/07\/listopad-2008\/ES_11_2008-210x300.jpg\" alt=\"Elektrosystemy 11\/2008\" width=\"96\" height=\"137\" srcset=\"https:\/\/elektrosystemy.pl\/wp-content\/uploads\/2015\/07\/07\/listopad-2008\/ES_11_2008-210x300.jpg 210w, https:\/\/elektrosystemy.pl\/wp-content\/uploads\/2015\/07\/07\/listopad-2008\/ES_11_2008.jpg 600w\" sizes=\"(max-width: 96px) 100vw, 96px\" \/><\/a>Rozmowa z Thomasem Horne,<br \/>\nprezesem zarz\u0105du Elektroskandia Polska<\/strong><\/p>\n<p><!--more--><\/p>\n<p><strong>\u2013 Jakie zmiany nast\u0105pi\u0142y w Elektroskandii po jej wej\u015bciu w sk\u0142ad Grupy Rexel?<br \/>\n<\/strong>\u2013 W skali globalnej, w wielu krajach po\u0142\u0105czenie Rexela i Hagemeyera w dalszym ci\u0105gu si\u0119 odbywa \u2013 niew\u0105tpliwie nie jest to zadanie \u0142atwe i wymaga wiele czasu poniewa\u017c mamy tu do czynienia z dwoma du\u017cymi organizmami. Obecnie zosta\u0142 w zasadzie zako\u0144czony etap harmonizowania proces\u00f3w zwi\u0105zanych z nadzorem finansowym i sposobem raportowania \u2013 zar\u00f3wno w Europie, jak i na \u015bwiecie. W Polsce sprzyjaj\u0105c\u0105 okoliczno\u015bci\u0105 by\u0142 fakt, i\u017c zar\u00f3wno w V-Center czyli pierwszej sp\u00f3\u0142ce przej\u0119tej przez Rexela, jak i w Elektroskandii funkcjonowa\u0142 ten sam system informatyczny. Pomog\u0142o to w przeprowadzeniu samego po\u0142\u0105czenia. Nie bez znaczenia by\u0142a te\u017c pewna dysproporcja wielko\u015bci obu firm \u2013 Elektroskandia jest jednym z najwi\u0119kszych graczy w Polsce, natomiast V-Center liczy\u0142 si\u0119 na rynku regionalnym. Znacznie trudniejsza do przeprowadzenia by\u0142aby fuzja dw\u00f3ch przedsi\u0119biorstw o por\u00f3wnywalnych wielko\u015bciach i potencja\u0142ach rynkowych. W ka\u017cdym razie do ko\u0144ca 2008 roku wszystkie oddzia\u0142y V-Center zostan\u0105 przy\u0142\u0105czone do Elektroskandii i Rexel b\u0119dzie funkcjonowa\u0142 na polskim rynku jako jedna sp\u00f3\u0142ka. S\u0105dz\u0119, \u017ce jest to rozwi\u0105zanie naturalne i logiczne \u2013 Elektroskandia jest wi\u0119ksza, ma wi\u0119ksze udzia\u0142y w rynku, d\u0142u\u017csz\u0105 histori\u0119, stabilniejsz\u0105 baz\u0119 klient\u00f3w. Ale V-Center tak\u017ce posiada kilka mocnych stron np. operuje w istotnym, przemys\u0142owym segmencie rynku oraz posiada bardzo dobr\u0105 wiedz\u0119 techniczn\u0105 w okre\u015blonych grupach produkt\u00f3w. Te do\u015bwiadczenia s\u0105 dla nas bardzo wa\u017cne i b\u0119dziemy je intensywnie wykorzystywa\u0107.<\/p>\n<p><strong>\u2013 Czy w planach firmy jest zmiana nazwy np. na Rexel Polska?<br \/>\n<\/strong>\u2013 Zdecydowanie nie ma takich plan\u00f3w. Pozostajemy przy nazwie Elektroskandia Polska.<\/p>\n<p><strong>\u2013 Co m\u00f3g\u0142by Pan powiedzie\u0107 o zespole ludzi pracuj\u0105cych obecnie w Elektroskandii?<br \/>\n<\/strong>\u2013 Mamy nowy zarz\u0105d, w sk\u0142ad kt\u00f3rego opr\u00f3cz mnie wchodzi wiceprezes Maciej Ma\u0107kowiak, dyrektor finansowy Tomasz Szymenderski oraz dyrektor handlowy Janusz Kogut. Musz\u0119 powiedzie\u0107, \u017ce wszyscy cz\u0142onkowie zarz\u0105du maj\u0105 bardzo zbli\u017cony punkt widzenia na kwesti\u0119 dalszego rozwoju sp\u00f3\u0142ki. Chcia\u0142bym te\u017c wyra\u017anie podkre\u015bli\u0107 zas\u0142ugi i rol\u0119 poprzedniego prezesa, a obecnie cz\u0142onka rady nadzorczej Paw\u0142a W\u0119drychowskiego, kt\u00f3ry budowa\u0142 zesp\u00f3\u0142 Elektroskandii, a wcze\u015bniej El-Centrum od wielu lat. Moim zdaniem jest to grupa ludzi z jednej strony posiadaj\u0105ca du\u017ce do\u015bwiadczenie w bran\u017cy, znaj\u0105ca j\u0105 z ka\u017cdej strony, z drugiej charakteryzuj\u0105ca si\u0119 ogromnym zaanga\u017cowaniem i dobrym, strategicznym my\u015bleniem. Dlatego nie obserwuj\u0119 \u017cadnych wewn\u0119trznych barier utrudniaj\u0105cych prowadzenie pracy i dalszy rozw\u00f3j firmy.<br \/>\n<img loading=\"lazy\" class=\"alignnone wp-image-9572 size-full\" src=\"http:\/\/elektrosystemy.home.pl\/ES2\/wp-content\/uploads\/wywiady\/2008\/11\/14\/opieramy-nasz-biznes-na-trzech-filarach\/elektroskandia_dod_1.jpg\" alt=\"elektroskandia_dod_1\" width=\"600\" height=\"400\" srcset=\"https:\/\/elektrosystemy.pl\/wp-content\/uploads\/wywiady\/2008\/11\/14\/opieramy-nasz-biznes-na-trzech-filarach\/elektroskandia_dod_1.jpg 600w, https:\/\/elektrosystemy.pl\/wp-content\/uploads\/wywiady\/2008\/11\/14\/opieramy-nasz-biznes-na-trzech-filarach\/elektroskandia_dod_1-300x200.jpg 300w\" sizes=\"(max-width: 600px) 100vw, 600px\" \/><\/p>\n<p><strong>\u2013 W jaki spos\u00f3b realizowane jest po\u0142\u0105czenie z hurtowniami V-Center?<br \/>\n<\/strong>\u2013 Wszystkie oddzia\u0142y V-Center po 1 stycznia 2009 roku b\u0119d\u0105 funkcjonowa\u0142y jako Elektroskandia. W niekt\u00f3rych lokalizacjach, miastach w kt\u00f3rych dzia\u0142a\u0142y jednostki jednej i drugiej firmy pozostanie tylko jedna hurtownia, co jest rozwi\u0105zaniem optymalnym z naszego punktu widzenia. Nie ukrywam, i\u017c podczas przeprowadzania fuzji w\u015br\u00f3d pracownik\u00f3w panowa\u0142o pewne napi\u0119cie. W efekcie nie uda\u0142o nam si\u0119 zatrzyma\u0107 niekt\u00f3rych os\u00f3b, na wsp\u00f3\u0142pracy z kt\u00f3rymi nam zale\u017ca\u0142o. Szkoda, poniewa\u017c celem ca\u0142ej tej operacji jest umocnienie si\u0119 na rynku polskim, zwi\u0119kszenie sprzeda\u017cy i polepszenie kontaktu z klientami, a nie redukcja zatrudnienia.<\/p>\n<p><strong>\u2013 Jakie s\u0105 aktualne plany dotycz\u0105ce dalszego rozwoju Elektroskandii? Czy zmieni si\u0119 co\u015b w jej filozofii dzia\u0142ania?<br \/>\n<\/strong>\u2013 Si\u0142\u0105 Rexela sprawdzon\u0105 w wielu krajach na \u015bwiecie jest umiej\u0119tno\u015b\u0107 segmentacji czyli podzia\u0142u rynku na trzy podstawowe sektory: inwestycji, przemys\u0142u oraz elektroinstalator\u00f3w. Do obs\u0142ugi ka\u017cdego z tych sektor\u00f3w delegowani s\u0105 odpowiednio przeszkoleni specjali\u015bci \u2013 to jedna z podstawowych zasad rz\u0105dz\u0105cych biznesem w grupie Rexel. Elektroskandia ma bardzo siln\u0105 pozycj\u0119 w dziedzinie inwestycji i chcemy ten stan utrzyma\u0107, obs\u0142uguj\u0105c jak najlepiej dotychczasowych klient\u00f3w. Jednocze\u015bnie zamierzamy zintensyfikowa\u0107 nasze prace na rynku przemys\u0142owym, utrzymania ruchu, produkcji, a tak\u017ce w zakresie obs\u0142ugi elektroinstalator\u00f3w. Jednak w tym celu nie wystarczy wprowadzenie zmian tylko w dziale sprzeda\u017cy. Stoi za tym inna logistyka, odmienna paleta produkt\u00f3w, zmodyfikowana strategia zapas\u00f3w magazynowych. W tym kierunku b\u0119dziemy prowadzi\u0107 bardzo energiczne dzia\u0142ania, wzmacniaj\u0105c w efekcie dwa sektory s\u0142abiej obecnie reprezentowane od inwestycji.<br \/>\nSzczeg\u00f3lnie w obszarze przemys\u0142owym b\u0119dziemy starali si\u0119 przekona\u0107 klient\u00f3w do obs\u0142ugi \u015bci\u015ble dostosowanej do ich specyficznych potrzeb np. bardzo szybkich, awaryjnych dostaw wymaganych komponent\u00f3w w celu unikni\u0119cia kosztownych przestoj\u00f3w linii produkcyjnych czy te\u017c zapewnienia specyficznej dla danego zak\u0142adu palety produkt\u00f3w. Niezb\u0119dny te\u017c jest przewa\u017cnie 24-godzinny serwis i sta\u0142e utrzymywanie minimalnych zapas\u00f3w magazynowych. Mo\u017cemy te\u017c, szczeg\u00f3lnie w przypadku du\u017cych przedsi\u0119biorstw, zapewni\u0107 funkcjonowanie magazynu na terenie zak\u0142adu. Szczeg\u00f3\u0142owy zakres dzia\u0142a\u0144 jest ustalany indywidualnie w czasie rozm\u00f3w np. z szefem utrzymania ruchu.<\/p>\n<p><strong>\u2013 A je\u015bli chodzi o elektroinstalator\u00f3w? Czy te\u017c nast\u0105pi\u0105 jakie\u015b zmiany?<br \/>\n<\/strong>\u2013 Jest to dla nas naturalna i bardzo wa\u017cna grupa klient\u00f3w wymagaj\u0105ca jednak zupe\u0142nie innego podej\u015bcia. W tym momencie w wielu miejscach nie jeste\u015bmy w stanie obs\u0142u\u017cy\u0107 ich tak kompleksowo, jak by\u015bmy chcieli. Do tego niezb\u0119dne s\u0105 plac\u00f3wki handlowe zorganizowane w formie czego\u015b w rodzaju supermarketu. Z drugiej strony wielu instalator\u00f3w to w\u0142a\u015bciciele lub pracownicy ma\u0142ych, kilkuosobowych firm, kt\u00f3rzy w dzisiejszych warunkach rynkowych prowadz\u0105 prace na kilku obiektach jednocze\u015bnie. Potrzebuj\u0105 cz\u0119sto dostaw na plac budowy czy mo\u017cliwo\u015bci zamawiania towar\u00f3w w formie elektronicznej, co oszcz\u0119dza ich czas. W\u00f3wczas nasza oferta i nasz serwis powinien by\u0107 dla nich interesuj\u0105cy. Jednak jest tu niew\u0105tpliwie du\u017ca przestrze\u0144 do wprowadzania innowacji i poszerzenia zakresu rynkowego oddzia\u0142ywania. Trzeba pami\u0119ta\u0107, \u017ce np. typowy market budowlany \u2013 w przeciwie\u0144stwie do wyspecjalizowanej hurtowni elektrotechnicznej \u2013 nie zapewnia odpowiedniego wsparcia klienta w zakresie fachowego doradztwa technicznego czy terminowych dostaw bezpo\u015brednio na miejsce instalacji.<br \/>\nTak jak wspomnia\u0142em wcze\u015bniej, te trzy podstawowe filary dzia\u0142alno\u015bci Rexela \u2013 inwestycje, przemys\u0142, elektroinstalatorzy \u2013 wymagaj\u0105 zupe\u0142nie innego, specyficznego podej\u015bcia z ka\u017cdej w\u0142a\u015bciwie strony: marketingu, komunikacji, sprzeda\u017cy, logistyki, przedstawicieli handlowych. Jedynym w\u0142a\u015bciwie wsp\u00f3lnym elementem s\u0105 produkty, chocia\u017c te\u017c nie do ko\u0144ca.<\/p>\n<p><strong>\u2013 Jaka jest rola handlu elektronicznego w dzia\u0142alno\u015bci Elektroskandii?<br \/>\n<\/strong>\u2013 To tak\u017ce zale\u017cy od poszczeg\u00f3lnych segment\u00f3w rynku. W inwestycjach nie ma to zbyt du\u017cego znaczenia \u2013 tutaj najistotniejsze s\u0105 zapytania ofertowe, sk\u0142adanie ofert, negocjacje cenowe, logistyka. Inaczej to wygl\u0105da w przemy\u015ble. Umo\u017cliwienie klientowi, np. dyrektorowi ds. zakup\u00f3w, dost\u0119pu on-line do jego w\u0142asnego, indywidualnie uzgodnionego cennika, parametr\u00f3w technicznych poszczeg\u00f3lnych produkt\u00f3w czy te\u017c sk\u0142adania szybkich zam\u00f3wie\u0144 za po\u015brednictwem sieci jest bardzo wygodne i komfortowe. Mo\u017cliwe jest sprawdzenie w ka\u017cdym momencie rozlicze\u0144 z hurtowni\u0105 czy stan\u00f3w magazynowych. Oszcz\u0119dno\u015b\u0107 czasu jest ewidentna. Ten model wsp\u00f3\u0142pracy powinien by\u0107 tak\u017ce interesuj\u0105cy dla elektroinstalator\u00f3w. Do\u015bwiadczenia innych kraj\u00f3w wskazuj\u0105, \u017ce wzrost warto\u015bci zam\u00f3wie\u0144 sk\u0142adanych za po\u015brednictwem internetu jest dynamiczny i si\u0119ga do 30% rocznie.<\/p>\n<p><strong>\u2013 Jakie s\u0105 najbardziej istotne grupy produkt\u00f3w z punktu widzenia obrotu przedsi\u0119biorstwa?<br \/>\n<\/strong>\u2013 Opieraj\u0105c si\u0119 na globalnych do\u015bwiadczeniach firmy Rexel mo\u017cna poda\u0107 nast\u0119puj\u0105ce liczby: 41% obrotu stanowi osprz\u0119t elektroinstalacyjny, 28% kable i przewody i 18% o\u015bwietlenie. To s\u0105 najwa\u017cniejsze grupy produktowe w ofercie i warto\u015bci te s\u0105 bardzo podobne w wielu krajach. Elektroskandia jest obecnie jednym z lider\u00f3w w Polsce w dziedzinie kabli i przewod\u00f3w. Chcemy, \u017ceby tak pozosta\u0142o, a jednocze\u015bnie b\u0119dziemy rozwija\u0107 sprzeda\u017c osprz\u0119tu elektroinstalacyjnego i o\u015bwietlenia. Warto tu podkre\u015bli\u0107, \u017ce dla wielu producent\u00f3w o\u015bwietlenia na \u015bwiecie Rexel jest najwi\u0119kszym klientem. Pracujemy te\u017c chyba ze wszystkimi du\u017cymi producentami w zakresie automatyki. Generalnie naszym celem jest kompleksowa obs\u0142uga klient\u00f3w i musimy mie\u0107 mo\u017cliwo\u015b\u0107 zaoferowania zr\u00f3\u017cnicowanych produkt\u00f3w z jednej r\u0119ki \u2013 st\u0105d ka\u017cdy segment rynku jest dla nas istotny. Chcemy by\u0107 poza tym dystrybutorem, kt\u00f3ry nie tylko sprzedaje na podstawie zapyta\u0144 ofertowych, ale te\u017c aktywnie wsp\u00f3\u0142pracuje z dostawcami i klientami, pokazuj\u0105c nowe rozwi\u0105zania i mo\u017cliwo\u015bci.<\/p>\n<p><strong>\u2013 W jaki spos\u00f3b mo\u017cna zosta\u0107 dostawc\u0105 Elektroskandii?<br \/>\n<\/strong>\u2013 Z ka\u017cdym potencjalnym dostawc\u0105 prowadzimy rozmowy. Lista firm z nami wsp\u00f3\u0142pracuj\u0105cych nie jest ani zamkni\u0119ta ani sztywno ustalona na poziomie mi\u0119dzynarodowym. Oczywi\u015bcie s\u0105 przedsi\u0119biorstwa, kt\u00f3re stanowi\u0105 strategicznych partner\u00f3w grupy Rexel na ca\u0142ym \u015bwiecie. Jednak najwa\u017cniejszym aspektem jest spos\u00f3b wsp\u00f3\u0142pracy w kraju. Dlatego chcieliby\u015bmy pozyskiwa\u0107 polskich producent\u00f3w do kooperacji z Elektroskandi\u0105 Polska. Istnieje te\u017c mo\u017cliwo\u015b\u0107 poszerzenia platformy dystrybucyjnej na Europ\u0119 w przypadku produkt\u00f3w konkurencyjnych jako\u015bciowo i cenowo.<\/p>\n<p><strong>\u2013 Czy firma zamierza zaskoczy\u0107 rynek nowymi inwestycjami, przej\u0119ciami?<br \/>\n<\/strong>\u2013 W perspektywie kr\u00f3tkoterminowej raczej nie \u2013 nie planujemy \u017cadnych efektownych przej\u0119\u0107, akwizycji. Natomiast s\u0105dz\u0119, \u017ce je\u015bli uda nam si\u0119 wprowadzi\u0107 na wszystkich poziomach organizacji specjalizacj\u0119 powi\u0105zan\u0105 z podzia\u0142em na trzy podstawowe filary naszego biznesu: inwestycje, przemys\u0142 oraz elektroinstalator\u00f3w to rynek to doceni. S\u0105dz\u0119, \u017ce efekty mog\u0105 by\u0107 zaskakuj\u0105co dobre.<br \/>\nJe\u015bli chodzi o inwestycje, to w ci\u0105gu ostatnich kilku miesi\u0119cy przed fuzj\u0105 Rexela i Hagemeyera by\u0142y prowadzone intensywne prace zwi\u0105zane z budow\u0105 nowego magazynu centralnego finansowan\u0105 z w\u0142asnych \u015brodk\u00f3w. Zosta\u0142a zakupiona dzia\u0142ka, uzyskano pozwolenie na budow\u0119, opracowano niezb\u0119dne plany. W chwili obecnej nowy w\u0142a\u015bciciel ponownie analizuje za\u0142o\u017cenia ekonomiczne tego przedsi\u0119wzi\u0119cia, dlatego realizacja projektu nieco si\u0119 przed\u0142u\u017cy. Jednak z ca\u0142\u0105 pewno\u015bci\u0105 magazyn centralny zacznie funkcjonowa\u0107 najp\u00f3\u017aniej w II kwartale 2010 roku.<br \/>\n<img loading=\"lazy\" class=\"alignnone wp-image-9574 size-full\" src=\"http:\/\/elektrosystemy.home.pl\/ES2\/wp-content\/uploads\/wywiady\/2008\/11\/14\/opieramy-nasz-biznes-na-trzech-filarach\/elektroskandia_dod_2.jpg\" alt=\"elektroskandia_dod_2\" width=\"600\" height=\"400\" srcset=\"https:\/\/elektrosystemy.pl\/wp-content\/uploads\/wywiady\/2008\/11\/14\/opieramy-nasz-biznes-na-trzech-filarach\/elektroskandia_dod_2.jpg 600w, https:\/\/elektrosystemy.pl\/wp-content\/uploads\/wywiady\/2008\/11\/14\/opieramy-nasz-biznes-na-trzech-filarach\/elektroskandia_dod_2-300x200.jpg 300w\" sizes=\"(max-width: 600px) 100vw, 600px\" \/><\/p>\n<p><strong>\u2013 Czy planowana jest dalsza rozbudowa sieci sprzeda\u017cy?<br \/>\n<\/strong>\u2013 \u017beby odpowiedzie\u0107 na to pytanie musz\u0119 wr\u00f3ci\u0107 do wspomnianej na pocz\u0105tku dyscypliny finansowej obowi\u0105zuj\u0105cej w grupie Rexel. Je\u015bli bra\u0107 j\u0105 pod uwag\u0119, to na ilo\u015b\u0107 punkt\u00f3w sprzeda\u017cowych w danym rejonie czy kraju trzeba patrze\u0107 przez pryzmat ich efektywno\u015bci. Ilo\u015b\u0107 ta musi pasowa\u0107 do za\u0142o\u017conego modelu biznesowego i z niego logicznie wynika\u0107. I nie jest to moim zdaniem g\u0142\u00f3wne kryterium do oceny pozycji rynkowej firmy. Jako przyk\u0142ad mog\u0119 poda\u0107 Austri\u0119, w kt\u00f3rej Rexel jest w\u0142a\u015bcicielem dw\u00f3ch firm. Pierwsza z nich posiada cztery oddzia\u0142y, a druga ponad dwadzie\u015bcia. Natomiast je\u015bli chodzi o udzia\u0142y w rynku to pierwsza ma ich 23%, a druga 20%. To pokazuje, \u017ce trudno jest z ca\u0142\u0105 pewno\u015bci\u0105 powiedzie\u0107 jak\u0105 rol\u0119 gra sama liczba plac\u00f3wek handlowych. Wa\u017cne jest tak\u017ce do jakich klient\u00f3w chcemy dotrze\u0107, w jakim segmencie pracowa\u0107. Podsumowuj\u0105c \u2013 na razie nie zamierzamy otwiera\u0107 nowych punkt\u00f3w, ale b\u0119dziemy stara\u0107 si\u0119 optymalizowa\u0107 efektywno\u015b\u0107 i wykorzystanie ju\u017c istniej\u0105cych. Dopiero w nast\u0119pnym kroku ocenimy czy potrzebne s\u0105 nam nowe plac\u00f3wki czy ju\u017c nie.<\/p>\n<p><strong>\u2013 Jak ocenia Pan skuteczno\u015b\u0107 program\u00f3w lojalno\u015bciowych prowadzonych przez hurtownie?<br \/>\n<\/strong>\u2013 Istniej\u0105 r\u00f3\u017cne narz\u0119dzia marketingowe i jednym z nich s\u0105 programy lojalno\u015bciowe. Na pewno klient, kt\u00f3ry regularnie u nas kupuje, jest zadowolony z obs\u0142ugi, sk\u0142ada kolejne zam\u00f3wienia, powinien uzyskiwa\u0107 wymierne korzy\u015bci. Jednak z drugiej strony czasami zastanawiam si\u0119 czy nie bardziej istotna jest efektywno\u015b\u0107 poszczeg\u00f3lnych transakcji ni\u017c np. potencjalna mo\u017cliwo\u015b\u0107 zdobycia punkt\u00f3w promocyjnych. Dzia\u0142aj\u0105c w sektorze B2B powinni\u015bmy przyk\u0142ada\u0107 jak najwi\u0119ksz\u0105 wag\u0119 do podejmowania racjonalnych decyzji, w tym zakupowych. Decyzja o podj\u0119ciu wsp\u00f3\u0142pracy powinna wynika\u0107 ze szczeg\u00f3\u0142owej analizy oferty i jej warunk\u00f3w oraz uzyskania korzy\u015bci biznesowych, a nie na podstawie akcji marketingowej. Istotne jest tutaj, aby pracownicy firm b\u0119d\u0105cych naszymi klientami podejmowali jak najlepsze decyzje z punktu widzenia swojego pracodawcy, nie kieruj\u0105c si\u0119 przy tym mo\u017cliwo\u015bci\u0105 uzyskania jakich\u015b dodatkowych bonus\u00f3w. Tylko wtedy wsp\u00f3\u0142praca b\u0119dzie trwa\u0142a i efektywna.<\/p>\n<p><strong>\u2013 Co zarz\u0105d Elektroskandii s\u0105dzi o obecnym kryzysie finansowym i jego wp\u0142ywie na bran\u017c\u0119 hurtowego handlu produktami elektrotechnicznymi?<br \/>\n<\/strong>\u2013 W biznesie cz\u0119sto bardzo wa\u017cne s\u0105 emocje i kwestie psychologiczne. My\u015bl\u0119, \u017ce tak w\u0142a\u015bnie dzieje si\u0119 obecnie w Polsce. Pami\u0119tajmy, i\u017c polska gospodarka ca\u0142y czas notuje spore wzrosty. Oczywi\u015bcie wida\u0107 ju\u017c pewne symptomy spowolnienia w niekt\u00f3rych bran\u017cach np. motoryzacyjnej. Na pewno trudniej jest uzyska\u0107 kredyty, co obserwujemy u niekt\u00f3rych klient\u00f3w. Z ca\u0142\u0105 pewno\u015bci\u0105 b\u0119dzie to mia\u0142o wp\u0142yw na nasz biznes. Zreszt\u0105 rok 2008 charakteryzuje si\u0119 mniejsz\u0105 dynamik\u0105 wzrost\u00f3w ni\u017c lata ubieg\u0142e, i to bez uwzgl\u0119dniania ostatnich zawirowa\u0144 na rynkach finansowych. Spad\u0142a warto\u015b\u0107 miedzi, co z kolei obni\u017cy\u0142o ceny kabli i przewod\u00f3w oraz automatycznie nasze obroty i zyski na tym bardzo istotnym asortymencie. S\u0105dz\u0119, \u017ce mo\u017cemy si\u0119 spodziewa\u0107 pewnych problem\u00f3w tak\u017ce w roku 2009. Jednak nale\u017cy wzi\u0105\u0107 pod uwag\u0119, \u017ce du\u017c\u0105 rol\u0119 w ocenie sytuacji graj\u0105 nasze niespe\u0142nione oczekiwania, kt\u00f3re by\u0142y naprawd\u0119 bardzo du\u017ce po dobrych ostatnich latach. Wzrost b\u0119dzie mniejszy, ale nie s\u0105dz\u0119 aby grozi\u0142a nam recesja.<br \/>\n<strong>\u2013 Dzi\u0119kuj\u0119 za rozmow\u0119.<\/strong><\/p>\n<p><strong>Rozmawia\u0142<br \/>\nJacek R\u00f3\u017ca\u0144ski<br \/>\n<\/strong><\/p>\n\n\t\t<style type=\"text\/css\">\n\t\t\t#gallery-1 {\n\t\t\t\tmargin: auto;\n\t\t\t}\n\t\t\t#gallery-1 .gallery-item {\n\t\t\t\tfloat: left;\n\t\t\t\tmargin-top: 10px;\n\t\t\t\ttext-align: center;\n\t\t\t\twidth: 33%;\n\t\t\t}\n\t\t\t#gallery-1 img {\n\t\t\t\tborder: 2px solid #cfcfcf;\n\t\t\t}\n\t\t\t#gallery-1 .gallery-caption {\n\t\t\t\tmargin-left: 0;\n\t\t\t}\n\t\t\t\/* see gallery_shortcode() in wp-includes\/media.php *\/\n\t\t<\/style>\n\t\t<div id='gallery-1' class='gallery galleryid-6960 gallery-columns-3 gallery-size-thumbnail'><dl class='gallery-item'>\n\t\t\t<dt class='gallery-icon portrait'>\n\t\t\t\t<a href='https:\/\/elektrosystemy.pl\/wp-content\/uploads\/uncategorized\/2015\/03\/14\/opieramy-nasz-biznes-na-trzech-filarach\/Rys1_wywiad_ELEKTROSKANDIA.jpg'><img width=\"150\" height=\"150\" src=\"https:\/\/elektrosystemy.pl\/wp-content\/uploads\/uncategorized\/2015\/03\/14\/opieramy-nasz-biznes-na-trzech-filarach\/Rys1_wywiad_ELEKTROSKANDIA-150x150.jpg\" class=\"attachment-thumbnail size-thumbnail\" alt=\"\" loading=\"lazy\" srcset=\"https:\/\/elektrosystemy.pl\/wp-content\/uploads\/uncategorized\/2015\/03\/14\/opieramy-nasz-biznes-na-trzech-filarach\/Rys1_wywiad_ELEKTROSKANDIA-150x150.jpg 150w, https:\/\/elektrosystemy.pl\/wp-content\/uploads\/uncategorized\/2015\/03\/14\/opieramy-nasz-biznes-na-trzech-filarach\/Rys1_wywiad_ELEKTROSKANDIA-300x300.jpg 300w, https:\/\/elektrosystemy.pl\/wp-content\/uploads\/uncategorized\/2015\/03\/14\/opieramy-nasz-biznes-na-trzech-filarach\/Rys1_wywiad_ELEKTROSKANDIA-100x100.jpg 100w\" sizes=\"(max-width: 150px) 100vw, 150px\" \/><\/a>\n\t\t\t<\/dt><\/dl><dl class='gallery-item'>\n\t\t\t<dt class='gallery-icon landscape'>\n\t\t\t\t<a href='https:\/\/elektrosystemy.pl\/wp-content\/uploads\/uncategorized\/2015\/03\/14\/opieramy-nasz-biznes-na-trzech-filarach\/Rys2_wywiad_ELEKTROSKANDIA.jpg'><img width=\"150\" height=\"150\" src=\"https:\/\/elektrosystemy.pl\/wp-content\/uploads\/uncategorized\/2015\/03\/14\/opieramy-nasz-biznes-na-trzech-filarach\/Rys2_wywiad_ELEKTROSKANDIA-150x150.jpg\" class=\"attachment-thumbnail size-thumbnail\" alt=\"\" loading=\"lazy\" srcset=\"https:\/\/elektrosystemy.pl\/wp-content\/uploads\/uncategorized\/2015\/03\/14\/opieramy-nasz-biznes-na-trzech-filarach\/Rys2_wywiad_ELEKTROSKANDIA-150x150.jpg 150w, https:\/\/elektrosystemy.pl\/wp-content\/uploads\/uncategorized\/2015\/03\/14\/opieramy-nasz-biznes-na-trzech-filarach\/Rys2_wywiad_ELEKTROSKANDIA-300x300.jpg 300w, https:\/\/elektrosystemy.pl\/wp-content\/uploads\/uncategorized\/2015\/03\/14\/opieramy-nasz-biznes-na-trzech-filarach\/Rys2_wywiad_ELEKTROSKANDIA-100x100.jpg 100w\" sizes=\"(max-width: 150px) 100vw, 150px\" \/><\/a>\n\t\t\t<\/dt><\/dl><dl class='gallery-item'>\n\t\t\t<dt class='gallery-icon portrait'>\n\t\t\t\t<a href='https:\/\/elektrosystemy.pl\/wp-content\/uploads\/uncategorized\/2015\/03\/14\/opieramy-nasz-biznes-na-trzech-filarach\/Rys3_wywiad_ELEKTROSKANDIA.jpg'><img width=\"150\" height=\"150\" src=\"https:\/\/elektrosystemy.pl\/wp-content\/uploads\/uncategorized\/2015\/03\/14\/opieramy-nasz-biznes-na-trzech-filarach\/Rys3_wywiad_ELEKTROSKANDIA-150x150.jpg\" class=\"attachment-thumbnail size-thumbnail\" alt=\"\" loading=\"lazy\" srcset=\"https:\/\/elektrosystemy.pl\/wp-content\/uploads\/uncategorized\/2015\/03\/14\/opieramy-nasz-biznes-na-trzech-filarach\/Rys3_wywiad_ELEKTROSKANDIA-150x150.jpg 150w, https:\/\/elektrosystemy.pl\/wp-content\/uploads\/uncategorized\/2015\/03\/14\/opieramy-nasz-biznes-na-trzech-filarach\/Rys3_wywiad_ELEKTROSKANDIA-300x300.jpg 300w, https:\/\/elektrosystemy.pl\/wp-content\/uploads\/uncategorized\/2015\/03\/14\/opieramy-nasz-biznes-na-trzech-filarach\/Rys3_wywiad_ELEKTROSKANDIA-100x100.jpg 100w\" sizes=\"(max-width: 150px) 100vw, 150px\" \/><\/a>\n\t\t\t<\/dt><\/dl><br style=\"clear: both\" \/><dl class='gallery-item'>\n\t\t\t<dt class='gallery-icon landscape'>\n\t\t\t\t<a href='https:\/\/elektrosystemy.pl\/wp-content\/uploads\/uncategorized\/2015\/03\/14\/opieramy-nasz-biznes-na-trzech-filarach\/Rys4_wywiad_ELEKTROSKANDIA.jpg'><img width=\"150\" height=\"150\" src=\"https:\/\/elektrosystemy.pl\/wp-content\/uploads\/uncategorized\/2015\/03\/14\/opieramy-nasz-biznes-na-trzech-filarach\/Rys4_wywiad_ELEKTROSKANDIA-150x150.jpg\" class=\"attachment-thumbnail size-thumbnail\" alt=\"\" loading=\"lazy\" srcset=\"https:\/\/elektrosystemy.pl\/wp-content\/uploads\/uncategorized\/2015\/03\/14\/opieramy-nasz-biznes-na-trzech-filarach\/Rys4_wywiad_ELEKTROSKANDIA-150x150.jpg 150w, https:\/\/elektrosystemy.pl\/wp-content\/uploads\/uncategorized\/2015\/03\/14\/opieramy-nasz-biznes-na-trzech-filarach\/Rys4_wywiad_ELEKTROSKANDIA-300x300.jpg 300w, https:\/\/elektrosystemy.pl\/wp-content\/uploads\/uncategorized\/2015\/03\/14\/opieramy-nasz-biznes-na-trzech-filarach\/Rys4_wywiad_ELEKTROSKANDIA-100x100.jpg 100w\" sizes=\"(max-width: 150px) 100vw, 150px\" \/><\/a>\n\t\t\t<\/dt><\/dl>\n\t\t\t<br style='clear: both' \/>\n\t\t<\/div>\n\n<p><strong>\u00a0<\/strong><\/p>\n","protected":false},"excerpt":{"rendered":"<p>Rozmowa z Thomasem Horne, prezesem zarz\u0105du Elektroskandia Polska&hellip;<\/p>\n","protected":false},"author":3,"featured_media":7365,"comment_status":"closed","ping_status":"closed","sticky":false,"template":"","format":"standard","meta":[],"categories":[319],"tags":[639],"_links":{"self":[{"href":"https:\/\/elektrosystemy.pl\/index.php?rest_route=\/wp\/v2\/posts\/6960"}],"collection":[{"href":"https:\/\/elektrosystemy.pl\/index.php?rest_route=\/wp\/v2\/posts"}],"about":[{"href":"https:\/\/elektrosystemy.pl\/index.php?rest_route=\/wp\/v2\/types\/post"}],"author":[{"embeddable":true,"href":"https:\/\/elektrosystemy.pl\/index.php?rest_route=\/wp\/v2\/users\/3"}],"replies":[{"embeddable":true,"href":"https:\/\/elektrosystemy.pl\/index.php?rest_route=%2Fwp%2Fv2%2Fcomments&post=6960"}],"version-history":[{"count":7,"href":"https:\/\/elektrosystemy.pl\/index.php?rest_route=\/wp\/v2\/posts\/6960\/revisions"}],"predecessor-version":[{"id":21683,"href":"https:\/\/elektrosystemy.pl\/index.php?rest_route=\/wp\/v2\/posts\/6960\/revisions\/21683"}],"wp:featuredmedia":[{"embeddable":true,"href":"https:\/\/elektrosystemy.pl\/index.php?rest_route=\/wp\/v2\/media\/7365"}],"wp:attachment":[{"href":"https:\/\/elektrosystemy.pl\/index.php?rest_route=%2Fwp%2Fv2%2Fmedia&parent=6960"}],"wp:term":[{"taxonomy":"category","embeddable":true,"href":"https:\/\/elektrosystemy.pl\/index.php?rest_route=%2Fwp%2Fv2%2Fcategories&post=6960"},{"taxonomy":"post_tag","embeddable":true,"href":"https:\/\/elektrosystemy.pl\/index.php?rest_route=%2Fwp%2Fv2%2Ftags&post=6960"}],"curies":[{"name":"wp","href":"https:\/\/api.w.org\/{rel}","templated":true}]}}